{"id":7060,"date":"2019-04-11T14:55:10","date_gmt":"2019-04-11T19:55:10","guid":{"rendered":"https:\/\/foro1025.mx\/?p=7060"},"modified":"2019-04-11T14:57:19","modified_gmt":"2019-04-11T19:57:19","slug":"7060","status":"publish","type":"post","link":"https:\/\/foro1025.mx\/?p=7060","title":{"rendered":"PAN Edomex suscribe Compromiso por Puebla; apoya a Enrique C\u00e1rdenas, candidato a gobernador"},"content":{"rendered":"<p class=\"p5\">Jorge Inzunza Armas, presidente del PAN en el Estado de M\u00e9xico, suscribi\u00f3 con los titulares de los comit\u00e9s directivos estatales panistas del pa\u00eds y la dirigencia nacional, encabezada por Marko Cort\u00e9s, el Compromiso por Puebla en apoyo a la candidatura a Gobernador de Enrique C\u00e1rdenas asimismo el refrendo de la apertura del PAN hacia los ciudadanos y la sociedad civil.<\/p>\n<p class=\"p5\">Inzunza Armas enfatiz\u00f3 que desde 1939, que se fund\u00f3 el PAN, el partido se concibi\u00f3 como una organizaci\u00f3n ciudadana, como un instrumento del bien com\u00fan para la sociedad.<\/p>\n<p class=\"p5\">\u201cAcci\u00f3n Nacional es patrimonio de todos los mexicanos, es un instrumento al servicio del bien com\u00fan. Somos una entidad de inter\u00e9s p\u00fablico que desea llevar a las instituciones las demandas de la sociedad\u201d, resalt\u00f3.<\/p>\n<p class=\"p5\">C\u00e1rdenas, el candidato del PAN a la Gubernatura del estado de Puebla, es parte de la apertura de Acci\u00f3n Nacional a la ciudadan\u00eda como en su momento lo fue Manuel Clouthier, Francisco Barrio, Ernesto Ruffo, Carlos Medina Plascencia, Vicente Fox y Alberto C\u00e1rdenas.<\/p>\n<p class=\"p5\">Inzunza enfatiz\u00f3 que fieles a nuestra esencia ciudadana, los presidentes estatales de Acci\u00f3n Nacional nos comprometemos a trabajar intensamente y de la mano con nuestros compa\u00f1eros de Puebla para llevar a la gubernatura a Enrique C\u00e1rdenas.<\/p>\n<p class=\"p5\">\n","protected":false},"excerpt":{"rendered":"<div class=\"mh-excerpt\"><p>Jorge Inzunza Armas, presidente del PAN en el Estado de M\u00e9xico, suscribi\u00f3 con los titulares <a class=\"mh-excerpt-more\" href=\"https:\/\/foro1025.mx\/?p=7060\" title=\"PAN Edomex suscribe Compromiso por Puebla; apoya a Enrique C\u00e1rdenas, candidato a gobernador\">&#8230;<\/a><\/p>\n<\/div>","protected":false},"author":1,"featured_media":0,"comment_status":"closed","ping_status":"closed","sticky":false,"template":"","format":"standard","meta":{"footnotes":""},"categories":[38],"tags":[],"class_list":{"0":"post-7060","1":"post","2":"type-post","3":"status-publish","4":"format-standard","6":"category-partidos-politicos-2"},"_links":{"self":[{"href":"https:\/\/foro1025.mx\/index.php?rest_route=\/wp\/v2\/posts\/7060","targetHints":{"allow":["GET"]}}],"collection":[{"href":"https:\/\/foro1025.mx\/index.php?rest_route=\/wp\/v2\/posts"}],"about":[{"href":"https:\/\/foro1025.mx\/index.php?rest_route=\/wp\/v2\/types\/post"}],"author":[{"embeddable":true,"href":"https:\/\/foro1025.mx\/index.php?rest_route=\/wp\/v2\/users\/1"}],"replies":[{"embeddable":true,"href":"https:\/\/foro1025.mx\/index.php?rest_route=%2Fwp%2Fv2%2Fcomments&post=7060"}],"version-history":[{"count":3,"href":"https:\/\/foro1025.mx\/index.php?rest_route=\/wp\/v2\/posts\/7060\/revisions"}],"predecessor-version":[{"id":7064,"href":"https:\/\/foro1025.mx\/index.php?rest_route=\/wp\/v2\/posts\/7060\/revisions\/7064"}],"wp:attachment":[{"href":"https:\/\/foro1025.mx\/index.php?rest_route=%2Fwp%2Fv2%2Fmedia&parent=7060"}],"wp:term":[{"taxonomy":"category","embeddable":true,"href":"https:\/\/foro1025.mx\/index.php?rest_route=%2Fwp%2Fv2%2Fcategories&post=7060"},{"taxonomy":"post_tag","embeddable":true,"href":"https:\/\/foro1025.mx\/index.php?rest_route=%2Fwp%2Fv2%2Ftags&post=7060"}],"curies":[{"name":"wp","href":"https:\/\/api.w.org\/{rel}","templated":true}]}}