{"id":7065,"date":"2019-04-11T14:58:14","date_gmt":"2019-04-11T19:58:14","guid":{"rendered":"https:\/\/foro1025.mx\/?p=7065"},"modified":"2019-04-11T14:59:23","modified_gmt":"2019-04-11T19:59:23","slug":"7065","status":"publish","type":"post","link":"https:\/\/foro1025.mx\/?p=7065","title":{"rendered":"Fortalecen lazos de coordinaci\u00f3n y colaboraci\u00f3n Tlalnepantla y Fiscal\u00eda del Estado"},"content":{"rendered":"<p class=\"p6\">El Gobierno de Tlalnepantla de Baz y la Fiscal\u00eda General de Justicia del Estado de M\u00e9xico, fortalecen lazos de coordinaci\u00f3n para trabajar de manera conjunta con el prop\u00f3sito de disminuir los delitos de alto impacto y brindar mayor seguridad a la ciudadan\u00eda.<\/p>\n<p class=\"p6\">Durante una reuni\u00f3n, el Presidente Municipal, Raciel P\u00e9rez Cruz, y el Fiscal Alejandro Jaime G\u00f3mez S\u00e1nchez, ratificaron que continuar\u00e1n realizando operativos dirigidos, para inhibir el robo en transporte p\u00fablico y de veh\u00edculos, entre otros delitos.<\/p>\n<p class=\"p6\">Asimismo, acordaron intercambiar informaci\u00f3n institucional para determinar los puntos con mayor incidencia delictiva, con el fin de aplicar operativos precisos de manera conjunta.<\/p>\n<p class=\"p6\">Se\u00f1alaron que continuar\u00e1n implementando operativos con la participaci\u00f3n de elementos del Ej\u00e9rcito, polic\u00eda de investigaci\u00f3n, polic\u00eda estatal y municipal, a efecto de lograr mejores resultados en el combate a la delincuencia.<\/p>\n<p class=\"p6\">Por otra parte, la Fiscal\u00eda brindar\u00e1 capacitaci\u00f3n a los elementos polic\u00edacos municipales, con el fin de realizar de manera correcta los procedimientos que se llevan a cabo cuando se pone a disposici\u00f3n del ministerio p\u00fablico a presuntos responsables de alg\u00fan delito.<\/p>\n","protected":false},"excerpt":{"rendered":"<div class=\"mh-excerpt\"><p>El Gobierno de Tlalnepantla de Baz y la Fiscal\u00eda General de Justicia del Estado de <a class=\"mh-excerpt-more\" href=\"https:\/\/foro1025.mx\/?p=7065\" title=\"Fortalecen lazos de coordinaci\u00f3n y colaboraci\u00f3n Tlalnepantla y Fiscal\u00eda del Estado\">&#8230;<\/a><\/p>\n<\/div>","protected":false},"author":1,"featured_media":0,"comment_status":"closed","ping_status":"closed","sticky":false,"template":"","format":"standard","meta":{"footnotes":""},"categories":[9,16],"tags":[],"class_list":{"0":"post-7065","1":"post","2":"type-post","3":"status-publish","4":"format-standard","6":"category-seguridad","7":"category-tlalnepantla"},"_links":{"self":[{"href":"https:\/\/foro1025.mx\/index.php?rest_route=\/wp\/v2\/posts\/7065","targetHints":{"allow":["GET"]}}],"collection":[{"href":"https:\/\/foro1025.mx\/index.php?rest_route=\/wp\/v2\/posts"}],"about":[{"href":"https:\/\/foro1025.mx\/index.php?rest_route=\/wp\/v2\/types\/post"}],"author":[{"embeddable":true,"href":"https:\/\/foro1025.mx\/index.php?rest_route=\/wp\/v2\/users\/1"}],"replies":[{"embeddable":true,"href":"https:\/\/foro1025.mx\/index.php?rest_route=%2Fwp%2Fv2%2Fcomments&post=7065"}],"version-history":[{"count":2,"href":"https:\/\/foro1025.mx\/index.php?rest_route=\/wp\/v2\/posts\/7065\/revisions"}],"predecessor-version":[{"id":7068,"href":"https:\/\/foro1025.mx\/index.php?rest_route=\/wp\/v2\/posts\/7065\/revisions\/7068"}],"wp:attachment":[{"href":"https:\/\/foro1025.mx\/index.php?rest_route=%2Fwp%2Fv2%2Fmedia&parent=7065"}],"wp:term":[{"taxonomy":"category","embeddable":true,"href":"https:\/\/foro1025.mx\/index.php?rest_route=%2Fwp%2Fv2%2Fcategories&post=7065"},{"taxonomy":"post_tag","embeddable":true,"href":"https:\/\/foro1025.mx\/index.php?rest_route=%2Fwp%2Fv2%2Ftags&post=7065"}],"curies":[{"name":"wp","href":"https:\/\/api.w.org\/{rel}","templated":true}]}}