{"id":7081,"date":"2019-04-11T15:22:43","date_gmt":"2019-04-11T20:22:43","guid":{"rendered":"https:\/\/foro1025.mx\/?p=7081"},"modified":"2019-04-11T15:25:43","modified_gmt":"2019-04-11T20:25:43","slug":"7081","status":"publish","type":"post","link":"https:\/\/foro1025.mx\/?p=7081","title":{"rendered":"Nuevos nombramientos en Izcalli"},"content":{"rendered":"<p class=\"p1\">Tras una prolongada sesi\u00f3n de cabildo y un extraordinario \u00e1nimo democr\u00e1tico en cada una de las opiniones y decisiones vertidas, los integrantes del Ayuntamiento de Cuautitl\u00e1n Izcalli, presidido por Ricardo N\u00fa\u00f1ez Ayala, hicieron importantes nombramientos en diferentes \u00e1reas de la administraci\u00f3n.<\/p>\n<p class=\"p1\">El nombramiento del ombudsperson o Defensor P\u00fablico Municipal de Derechos Humanos, estuvo marcada por el\u00a0 voto de calidad\u201d al que tiene derecho el presidente municipal, en caso de existir un empate entre diferentes candidatos, dando su venia a favor del licenciado Alexis Sorel FloresSixto.<\/p>\n<p class=\"p1\">Tambi\u00e9n se aprob\u00f3 la designaci\u00f3n de Mart\u00edn Guerrero Baeza como titular de la Direcci\u00f3n Genera del Organismo P\u00fablico Descentralizado para la Prestaci\u00f3n de Servicios de Agua Potable Alcantarillado y Saneamiento de Cuautitl\u00e1n Izcalli (OPERAGUA Izcalli O.P.D.M).<\/p>\n<p class=\"p1\">De la misma manera se aprob\u00f3 el nombramiento de Ma. Trinidad Canchola S\u00e1nchez, com Directora General de Desarrollo Humano, y a Gerardo Sampedro Sol\u00eds, como Director General de Servicios Jur\u00eddicos.<\/p>\n<p class=\"p1\">Por otra parte, se aprob\u00f3 otorgar en comodato a la empresa paraestatal LICONSA S.A de C.V.,<\/p>\n<p class=\"p1\">treinta y cinco inmuebles propiedad municipal, para que sigan operando como Lecher\u00edas, ubicadas en diferentes puntos del municipio.<\/p>\n","protected":false},"excerpt":{"rendered":"<div class=\"mh-excerpt\"><p>Tras una prolongada sesi\u00f3n de cabildo y un extraordinario \u00e1nimo democr\u00e1tico en cada una de <a class=\"mh-excerpt-more\" href=\"https:\/\/foro1025.mx\/?p=7081\" title=\"Nuevos nombramientos en Izcalli\">&#8230;<\/a><\/p>\n<\/div>","protected":false},"author":1,"featured_media":0,"comment_status":"closed","ping_status":"closed","sticky":false,"template":"","format":"standard","meta":{"footnotes":""},"categories":[29],"tags":[],"class_list":{"0":"post-7081","1":"post","2":"type-post","3":"status-publish","4":"format-standard","6":"category-cuautitlan-izcalli"},"_links":{"self":[{"href":"https:\/\/foro1025.mx\/index.php?rest_route=\/wp\/v2\/posts\/7081","targetHints":{"allow":["GET"]}}],"collection":[{"href":"https:\/\/foro1025.mx\/index.php?rest_route=\/wp\/v2\/posts"}],"about":[{"href":"https:\/\/foro1025.mx\/index.php?rest_route=\/wp\/v2\/types\/post"}],"author":[{"embeddable":true,"href":"https:\/\/foro1025.mx\/index.php?rest_route=\/wp\/v2\/users\/1"}],"replies":[{"embeddable":true,"href":"https:\/\/foro1025.mx\/index.php?rest_route=%2Fwp%2Fv2%2Fcomments&post=7081"}],"version-history":[{"count":3,"href":"https:\/\/foro1025.mx\/index.php?rest_route=\/wp\/v2\/posts\/7081\/revisions"}],"predecessor-version":[{"id":7085,"href":"https:\/\/foro1025.mx\/index.php?rest_route=\/wp\/v2\/posts\/7081\/revisions\/7085"}],"wp:attachment":[{"href":"https:\/\/foro1025.mx\/index.php?rest_route=%2Fwp%2Fv2%2Fmedia&parent=7081"}],"wp:term":[{"taxonomy":"category","embeddable":true,"href":"https:\/\/foro1025.mx\/index.php?rest_route=%2Fwp%2Fv2%2Fcategories&post=7081"},{"taxonomy":"post_tag","embeddable":true,"href":"https:\/\/foro1025.mx\/index.php?rest_route=%2Fwp%2Fv2%2Ftags&post=7081"}],"curies":[{"name":"wp","href":"https:\/\/api.w.org\/{rel}","templated":true}]}}