{"id":7104,"date":"2019-04-11T15:43:12","date_gmt":"2019-04-11T20:43:12","guid":{"rendered":"https:\/\/foro1025.mx\/?p=7104"},"modified":"2019-04-11T15:45:47","modified_gmt":"2019-04-11T20:45:47","slug":"7104","status":"publish","type":"post","link":"https:\/\/foro1025.mx\/?p=7104","title":{"rendered":"Asume Mart\u00edn Guerrero Baeza direcci\u00f3n de OPERAGUA"},"content":{"rendered":"<p>El pleno del cabildo de Cuautitl\u00e1n Izcalli aprob\u00f3 por mayor\u00eda de votos el nombramiento\u00a0 de\u00a0 Mart\u00edn\u00a0 Guerrero\u00a0 Baeza\u00a0 como\u00a0 Director\u00a0 General\u00a0 del\u00a0 organismo Operagua; esto en el marco de la d\u00e9cimo cuarta sesi\u00f3n ordinaria que se realiz\u00f3 recientemente.<\/p>\n<p>El presidente municipal, Ricardo N\u00fa\u00f1ez Ayala, exhort\u00f3 al nuevo director a desempe\u00f1arse de la mejor manera con apego a los principios de legalidad que exige el organismo, agreg\u00f3 que el tema del agua es muy sensible y hay que\u00a0 tratarlo\u00a0 de\u00a0 manera\u00a0 muy\u00a0 responsable,\u00a0 indic\u00f3\u00a0 que\u00a0 Operagua\u00a0 necesita\u00a0 de gente capaz, calificada y con alto sentido responsabilidad que conduzca\u00a0 al\u00a0 organismo\u00a0 a\u00a0 ser\u00a0 un\u00a0 ente\u00a0 responsable,\u00a0 sustentable\u00a0 para\u00a0 los\u00a0 ciudadanos izcallenses.<\/p>\n<p>El\u00a0 Director\u00a0 general\u00a0 del\u00a0 Organismo,\u00a0 Mart\u00edn\u00a0 Guerrero\u00a0 Baeza,\u00a0 indic\u00f3\u00a0 que\u00a0 atendiendo la encomienda por parte del alcalde, trabajar\u00e1 \u00e1rea por \u00e1rea para\u00a0 detectar\u00a0 espacios\u00a0 de\u00a0 oportunidad\u00a0 y\u00a0 desarrollo\u00a0 para\u00a0 hacer\u00a0 del\u00a0 organismo un referente regional de calidad y mejora continua; agreg\u00f3 que se pondr\u00e1 especial atenci\u00f3n en el tema de suministro, atenci\u00f3n al p\u00fablico y\u00a0 finanzas,\u00a0 principalmente,\u00a0 aunque\u00a0 la\u00a0 mejora\u00a0 debe\u00a0 ser\u00a0 integral\u00a0 en\u00a0 todas\u00a0 las \u00e1reas, sostuvo.<\/p>\n<p>El\u00a0 Director\u00a0 General\u00a0 indic\u00f3\u00a0 que\u00a0 se\u00a0 buscar\u00e1\u00a0 acabar\u00a0 con\u00a0 viejos\u00a0 vicios\u00a0 al\u00a0 interior que no permit\u00edan ofrecer un servicio de calidad y propiciaban que Operagua\u00a0 estuviera\u00a0 en\u00a0 n\u00fameros\u00a0 rojos,\u00a0 \u201cla\u00a0 idea\u00a0 es\u00a0 trabajar\u00a0 de\u00a0 manera\u00a0 correcta, combatiendo la corrupci\u00f3n\u201d, indic\u00f3.<\/p>\n<p>La ratificaci\u00f3n de Mart\u00edn Guerrero Baeza, se da un mes despu\u00e9s de haber sido nombrado como encargado de Despacho de la Direcci\u00f3n General, tras la salida de Paulino Solano Pineda; el nombramiento fue avalado por 16 ediles con tres abstenciones.<\/p>\n","protected":false},"excerpt":{"rendered":"<div class=\"mh-excerpt\"><p>El pleno del cabildo de Cuautitl\u00e1n Izcalli aprob\u00f3 por mayor\u00eda de votos el nombramiento\u00a0 de\u00a0 <a class=\"mh-excerpt-more\" href=\"https:\/\/foro1025.mx\/?p=7104\" title=\"Asume Mart\u00edn Guerrero Baeza direcci\u00f3n de OPERAGUA\">&#8230;<\/a><\/p>\n<\/div>","protected":false},"author":1,"featured_media":0,"comment_status":"closed","ping_status":"closed","sticky":false,"template":"","format":"standard","meta":{"footnotes":""},"categories":[29],"tags":[],"class_list":{"0":"post-7104","1":"post","2":"type-post","3":"status-publish","4":"format-standard","6":"category-cuautitlan-izcalli"},"_links":{"self":[{"href":"https:\/\/foro1025.mx\/index.php?rest_route=\/wp\/v2\/posts\/7104","targetHints":{"allow":["GET"]}}],"collection":[{"href":"https:\/\/foro1025.mx\/index.php?rest_route=\/wp\/v2\/posts"}],"about":[{"href":"https:\/\/foro1025.mx\/index.php?rest_route=\/wp\/v2\/types\/post"}],"author":[{"embeddable":true,"href":"https:\/\/foro1025.mx\/index.php?rest_route=\/wp\/v2\/users\/1"}],"replies":[{"embeddable":true,"href":"https:\/\/foro1025.mx\/index.php?rest_route=%2Fwp%2Fv2%2Fcomments&post=7104"}],"version-history":[{"count":3,"href":"https:\/\/foro1025.mx\/index.php?rest_route=\/wp\/v2\/posts\/7104\/revisions"}],"predecessor-version":[{"id":7108,"href":"https:\/\/foro1025.mx\/index.php?rest_route=\/wp\/v2\/posts\/7104\/revisions\/7108"}],"wp:attachment":[{"href":"https:\/\/foro1025.mx\/index.php?rest_route=%2Fwp%2Fv2%2Fmedia&parent=7104"}],"wp:term":[{"taxonomy":"category","embeddable":true,"href":"https:\/\/foro1025.mx\/index.php?rest_route=%2Fwp%2Fv2%2Fcategories&post=7104"},{"taxonomy":"post_tag","embeddable":true,"href":"https:\/\/foro1025.mx\/index.php?rest_route=%2Fwp%2Fv2%2Ftags&post=7104"}],"curies":[{"name":"wp","href":"https:\/\/api.w.org\/{rel}","templated":true}]}}