{"id":7109,"date":"2019-04-12T14:07:00","date_gmt":"2019-04-12T19:07:00","guid":{"rendered":"https:\/\/foro1025.mx\/?p=7109"},"modified":"2019-04-12T14:07:00","modified_gmt":"2019-04-12T19:07:00","slug":"entrega-alfredo-del-mazo-viaducto-elevado-que-mejorara-la-movilidad-de-mas-de-230-mil-automovilistas-en-huixquilucan","status":"publish","type":"post","link":"https:\/\/foro1025.mx\/?p=7109","title":{"rendered":"Entrega Alfredo del Mazo viaducto elevado que mejorar\u00e1 la movilidad de m\u00e1s de 230 mil automovilistas en Huixquilucan"},"content":{"rendered":"<p class=\"p5\"><i>\u2022 Inaugura mandatario mexiquense Viaducto Elevado \u00abGlorieta del Gato\u00bb, en la zona de Interlomas, en Huixquilucan, que cont\u00f3 con una inversi\u00f3n de 230 millones de pesos. <\/i><\/p>\n<p class=\"p5\"><i>\u2022 Destaca que esta obra, adem\u00e1s de aminorar los tiempos de traslado, complementa un circuito comercial que inicia en Atizap\u00e1n de Zaragoza y finaliza en Metepec, adem\u00e1s de que facilitar\u00e1 los trayectos de quienes se desplazan hacia la Ciudad de M\u00e9xico o a la autopista Chamapa-La Venta. <\/i><\/p>\n<p class=\"p5\"><i>\u2022Se\u00f1ala que la construcci\u00f3n de esta vialidad inici\u00f3 desde que empez\u00f3 su gesti\u00f3n como Gobernador, en septiembre de 2017, para responder a las necesidades de movilidad en esta demarcaci\u00f3n. <\/i><\/p>\n<p class=\"p5\"><b>Huixquilucan, Estado de M\u00e9xico.-<\/b>El Gobernador Alfredo Del Mazo Maza inaugur\u00f3 el Viaducto Elevado \u201cGlorieta del Gato\u201d que, con una inversi\u00f3n de 230 millones de pesos, permitir\u00e1 mejorar la movilidad y agilizar los traslados de m\u00e1s de 230 mil automovilistas que circulan en esta zona diariamente.<\/p>\n<p class=\"p5\">\u201cLe dar\u00e1 servicio a m\u00e1s de 230 mil habitantes que tiene Huixquilucan, m\u00e1s toda la gente que transita diariamente por esta zona del Valle de M\u00e9xico. Es una inversi\u00f3n muy importante, m\u00e1s de 230 millones de pesos en donde se trabaja de manera conjunta con el Gobierno de M\u00e9xico, quien, a trav\u00e9s de la Secretar\u00eda de Comunicaciones y Transportes y del Gobierno del estado, dieron impulso a esta obra\u201d,<span class=\"Apple-converted-space\">\u00a0 <\/span>enfatiz\u00f3.<\/p>\n<p>&nbsp;<\/p>\n<p><img loading=\"lazy\" decoding=\"async\" class=\"aligncenter size-large wp-image-7112\" src=\"https:\/\/foro1025.mx\/wp-content\/uploads\/2019\/04\/3-1024x682.jpeg\" alt=\"\" width=\"1024\" height=\"682\" \/><\/p>\n<p>&nbsp;<\/p>\n<p class=\"p5\">Acompa\u00f1ado por el Presidente municipal de Huixquilucan, Enrique Vargas Del Villar, con quien devel\u00f3 la placa inaugural de esta vialidad, el Gobernador Del Mazo record\u00f3 que desde el a\u00f1o 2009, cuando se desempe\u00f1\u00f3 como Alcalde de este municipio, se plante\u00f3 la necesidad de mejorar la movilidad en la zona urbana de Huixquilucan, debido al gran crecimiento demogr\u00e1fico en la regi\u00f3n, por lo cual inici\u00f3 un programa que impuls\u00f3 la construcci\u00f3n de importantes obras viales que hoy dan servicio a miles de ciudadanos.<\/p>\n<p class=\"p5\">El mandatario mexiquense tambi\u00e9n reconoci\u00f3 al ayuntamiento de Huixquilucan y a todas las autoridades involucradas en la construcci\u00f3n de este viaducto, y explic\u00f3 que desde el inici\u00f3 de su gesti\u00f3n como Gobernador, en el a\u00f1o 2017, inici\u00f3 este proyecto que busca mejorar el tr\u00e1nsito vial en la zona poniente del Valle de M\u00e9xico.<\/p>\n<p>&nbsp;<\/p>\n<p><img loading=\"lazy\" decoding=\"async\" class=\"aligncenter size-large wp-image-7113\" src=\"https:\/\/foro1025.mx\/wp-content\/uploads\/2019\/04\/5-1024x638.jpeg\" alt=\"\" width=\"1024\" height=\"638\" \/><\/p>\n<p>&nbsp;<\/p>\n<p class=\"p5\">\u201cQuiero agradecer tambi\u00e9n a quienes han hecho posible que esta obra se pueda hacer realidad, esta obra inici\u00f3 literalmente cuando empezamos la administraci\u00f3n, en septiembre de 2017, como parte de la mejora para la conectividad de toda esta regi\u00f3n poniente del Valle de M\u00e9xico, y me da much\u00edsimo gusto inaugurarla el d\u00eda de hoy, porque todo este circuito que vemos aqu\u00ed en la zona de Interlomas, de Huixquilucan, es un circuito de distintas obras viales que se iniciaron hace m\u00e1s de ocho a\u00f1os, y que buscan darle movilidad a una gran poblaci\u00f3n que vive hoy en d\u00eda en esta zona urbana del Estado de M\u00e9xico\u201d, asegur\u00f3.<\/p>\n<p class=\"p5\">Explic\u00f3 que esta obra tambi\u00e9n complementa un circuito comercial que viene desde Atizap\u00e1n de Zaragoza, pasando por Naucalpan, Huixquilucan, Lerma, Toluca y finaliza en Metepec, adem\u00e1s de que facilitar\u00e1 los trayectos de quienes se desplazan hacia la Ciudad de M\u00e9xico o a la autopista Chamapa-La Venta, as\u00ed como a las familias que viven en esta zona.<\/p>\n<p>&nbsp;<\/p>\n<p><img loading=\"lazy\" decoding=\"async\" class=\"aligncenter size-large wp-image-7111\" src=\"https:\/\/foro1025.mx\/wp-content\/uploads\/2019\/04\/6-1024x682.jpeg\" alt=\"\" width=\"1024\" height=\"682\" \/><\/p>\n<p>&nbsp;<\/p>\n<p class=\"p5\">\u201cEstar\u00e1 conectando un gran circuito comercial que tenemos, que viene desde Atizap\u00e1n, Naucalpan, Huixquilucan, Lerma, Toluca y hasta Metepec. Este circuito y esta regi\u00f3n del Estado de M\u00e9xico que concentra casi 3 millones de habitantes, es de las regiones m\u00e1s avanzadas en cuanto a la productividad y la aportaci\u00f3n que dan a la econom\u00eda mexiquense, y es un compromiso del estado el poderle dar estas obras de infraestructura que le dan la movilidad que requiere\u201d, dijo.<\/p>\n<p class=\"p5\">En la apertura de esta vialidad tambi\u00e9n estuvieron presentes, Luis Lim\u00f3n Ch\u00e1vez, Secretario de Comunicaciones estatal, Felipe Maymon Capetillo, Director General del Consorcio de Ingenieros Constructores y Consultores, Ver\u00f3nica Montero Rodr\u00edguez, Directora General de Vialidad de la Secretar\u00eda de Comunicaciones, y Marcos Salame, Presidente del Consejo de Administraci\u00f3n Grupo Bosque Real.<\/p>\n","protected":false},"excerpt":{"rendered":"<div class=\"mh-excerpt\"><p>\u2022 Inaugura mandatario mexiquense Viaducto Elevado \u00abGlorieta del Gato\u00bb, en la zona de Interlomas, en <a class=\"mh-excerpt-more\" href=\"https:\/\/foro1025.mx\/?p=7109\" title=\"Entrega Alfredo del Mazo viaducto elevado que mejorar\u00e1 la movilidad de m\u00e1s de 230 mil automovilistas en Huixquilucan\">&#8230;<\/a><\/p>\n<\/div>","protected":false},"author":1,"featured_media":0,"comment_status":"closed","ping_status":"closed","sticky":false,"template":"","format":"standard","meta":{"footnotes":""},"categories":[13,17,39],"tags":[],"class_list":{"0":"post-7109","1":"post","2":"type-post","3":"status-publish","4":"format-standard","6":"category-estado-de-mexico","7":"category-huixquilucan","8":"category-principales"},"_links":{"self":[{"href":"https:\/\/foro1025.mx\/index.php?rest_route=\/wp\/v2\/posts\/7109","targetHints":{"allow":["GET"]}}],"collection":[{"href":"https:\/\/foro1025.mx\/index.php?rest_route=\/wp\/v2\/posts"}],"about":[{"href":"https:\/\/foro1025.mx\/index.php?rest_route=\/wp\/v2\/types\/post"}],"author":[{"embeddable":true,"href":"https:\/\/foro1025.mx\/index.php?rest_route=\/wp\/v2\/users\/1"}],"replies":[{"embeddable":true,"href":"https:\/\/foro1025.mx\/index.php?rest_route=%2Fwp%2Fv2%2Fcomments&post=7109"}],"version-history":[{"count":1,"href":"https:\/\/foro1025.mx\/index.php?rest_route=\/wp\/v2\/posts\/7109\/revisions"}],"predecessor-version":[{"id":7114,"href":"https:\/\/foro1025.mx\/index.php?rest_route=\/wp\/v2\/posts\/7109\/revisions\/7114"}],"wp:attachment":[{"href":"https:\/\/foro1025.mx\/index.php?rest_route=%2Fwp%2Fv2%2Fmedia&parent=7109"}],"wp:term":[{"taxonomy":"category","embeddable":true,"href":"https:\/\/foro1025.mx\/index.php?rest_route=%2Fwp%2Fv2%2Fcategories&post=7109"},{"taxonomy":"post_tag","embeddable":true,"href":"https:\/\/foro1025.mx\/index.php?rest_route=%2Fwp%2Fv2%2Ftags&post=7109"}],"curies":[{"name":"wp","href":"https:\/\/api.w.org\/{rel}","templated":true}]}}