{"id":7134,"date":"2019-04-24T14:27:14","date_gmt":"2019-04-24T19:27:14","guid":{"rendered":"https:\/\/foro1025.mx\/?p=7134"},"modified":"2019-04-24T14:27:14","modified_gmt":"2019-04-24T19:27:14","slug":"reitera-alfredo-del-mazo-respaldo-del-edomex-a-la-guardia-nacional-para-garantizar-la-seguridad-en-mexico","status":"publish","type":"post","link":"https:\/\/foro1025.mx\/?p=7134","title":{"rendered":"Reitera Alfredo Del Mazo respaldo del Edom\u00e9x a la Guardia Nacional para garantizar la seguridad en M\u00e9xico"},"content":{"rendered":"<p class=\"p3\"><i>\u2022Destaca mandatario mexiquense el compromiso del Presidente Andr\u00e9s Manuel L\u00f3pez Obrador porque desde que inici\u00f3 su gesti\u00f3n hizo suyos los retos para que las fuerzas castrenses cumplan su tarea de recuperar la seguridad.<\/i><\/p>\n<p class=\"p3\"><i>\u2022Inaugura Gobernador del Estado de M\u00e9xico y el Presidente de M\u00e9xico, la Feria Aeroespacial M\u00e9xico 2019, en la Base Militar de Santa Luc\u00eda, en Tec\u00e1mac, que concluir\u00e1 el pr\u00f3ximo s\u00e1bado 27 de abril.\u00a0<\/i><\/p>\n<p class=\"p3\"><i>\u2022Informa Andr\u00e9s Manuel L\u00f3pez Obrador que el pr\u00f3ximo lunes iniciar\u00e1 la construcci\u00f3n del nuevo Aeropuerto de M\u00e9xico, en esta base a\u00e9rea. <\/i><\/p>\n<p class=\"p3\"><b>Tec\u00e1mac, Estado de M\u00e9xico.- <\/b>El Gobernador Alfredo Del Mazo Maza reiter\u00f3 el respaldo de su administraci\u00f3n con la estrategia de seguridad del Gobierno de M\u00e9xico, a trav\u00e9s de la creaci\u00f3n de la Guardia Nacional, y asegur\u00f3 que esta acci\u00f3n impulsada por el Presidente Andr\u00e9s Manuel L\u00f3pez Obrador responde al desaf\u00edo de combatir la inseguridad en el pa\u00eds.<\/p>\n<p class=\"p3\">Asimismo, asegur\u00f3 que las entidades de la Rep\u00fablica respaldan este proyecto ya que comparten el compromiso de brindar una mayor tranquilidad a las familias y trabajar en colaboraci\u00f3n.<\/p>\n<p class=\"p3\">\u00abLa Guardia Nacional es concebida e impulsada por el Presidente de todos los mexicanos, y es la respuesta del Gobierno de M\u00e9xico a estos desaf\u00edos. Las entidades federativas depositamos nuestra confianza en la Guardia Nacional, y reiteramos nuestra disposici\u00f3n a mantener la coordinaci\u00f3n de acciones, con el compromiso de regresar la seguridad a nuestras calles y la tranquilidad a nuestros hogares\u00bb, enfatiz\u00f3.<\/p>\n<p>&nbsp;<\/p>\n<p><img loading=\"lazy\" decoding=\"async\" class=\"aligncenter size-large wp-image-7136\" src=\"https:\/\/foro1025.mx\/wp-content\/uploads\/2019\/04\/z-IMG_0524-1024x680.jpg\" alt=\"\" width=\"1024\" height=\"680\" \/><\/p>\n<p>&nbsp;<\/p>\n<p class=\"p3\">Al inaugurar la Feria Aeroespacial M\u00e9xico 2019, en la Base Militar Santa Luc\u00eda, junto con<span class=\"Apple-converted-space\">\u00a0 <\/span>el Presidente de M\u00e9xico, Andr\u00e9s Manuel L\u00f3pez Obrador,<span class=\"Apple-converted-space\">\u00a0 <\/span>Del Mazo Maza subray\u00f3 la importancia del trabajo que llevan a cabo las fuerzas armadas del pa\u00eds, para garantizar la seguridad de los mexicanos y reconoci\u00f3 al Presidente porque desde que inici\u00f3 su gesti\u00f3n hizo suyos los retos para que las fuerzas castrenses cumplan su tarea de recuperar la seguridad y ser el soporte fundamental para construir una naci\u00f3n m\u00e1s justa.<\/p>\n<p class=\"p3\">\u00abEl prestigio de la fuerzas castrenses responde a las reiteradas muestras de respeto y lealtad que recibe de su Comandante supremo. Desde el inicio de su Gobierno, el Presidente de la Rep\u00fablica ha hecho suyos los retos de las Fuerzas Armadas, en quienes ha encontrado el soporte fundamental para construir una naci\u00f3n m\u00e1s segura, y m\u00e1s justa. Para que las Fuerzas Armadas cumplan con su misi\u00f3n y recuperen la seguridad y la paz, el Presidente L\u00f3pez Obrador ha buscado en todo momento fortalecer sus capacidades jur\u00eddicas y operativas\u201d, afirm\u00f3.<\/p>\n<p class=\"p3\">El mandatario estatal destac\u00f3 que la industria aeroespacial es una de las m\u00e1s din\u00e1micas en la econom\u00eda, ya que en los \u00faltimos a\u00f1os, la inversi\u00f3n extranjera directa en el sector super\u00f3 los mil 100 millones d\u00f3lares, a la par de generar m\u00e1s de 50 mil empleos a nivel nacional.<\/p>\n<p>&nbsp;<\/p>\n<p>&nbsp;<\/p>\n<p><img loading=\"lazy\" decoding=\"async\" class=\"aligncenter size-large wp-image-7135\" src=\"https:\/\/foro1025.mx\/wp-content\/uploads\/2019\/04\/z-IMG_0529-1024x647.jpg\" alt=\"\" width=\"1024\" height=\"647\" \/><\/p>\n<p>&nbsp;<\/p>\n<p class=\"p3\">Ante el General Luis Cresencio Sandoval, Secretario de la Defensa Nacional, y del Almirante Rafael Ojeda Dur\u00e1n, Secretario de la Marina Armada de M\u00e9xico, Alfredo Del Mazo indic\u00f3 que actualmente se estima que para el a\u00f1o 2020, un total de 450 empresas de este sector requerir\u00e1n mano de obra altamente calificada en el pa\u00eds, as\u00ed como una infraestructura de clase mundial para instalarse, por lo que asegur\u00f3 que el Estado de M\u00e9xico cuenta con las condiciones apropiadas para desarrollar los proyectos de esta industria<\/p>\n<p class=\"p3\">Tambi\u00e9n dio la bienvenida al municipio mexiquense de Tec\u00e1mac, a las 600 empresas que participan en esta feria, y que provienen de 40 pa\u00edses, as\u00ed como a Canad\u00e1, que es la naci\u00f3n invitada, y a las 48 instituciones educativas que estar\u00e1n presentes en la tercera edici\u00f3n de este encuentro, que concluir\u00e1 el pr\u00f3ximo s\u00e1bado 27 de abril.<\/p>\n<p class=\"p3\">\u00abLos mexiquenses damos la bienvenida al Estado de M\u00e9xico a los representantes de esta naci\u00f3n, as\u00ed como a los expositores y visitantes que se dan cita en esta Feria Aeroespacial 2019. Reconozco a los integrantes de la industria aeroespacial en M\u00e9xico, as\u00ed como a la Secretar\u00eda de Comunicaciones y Transportes, por elegir a nuestra entidad como sede de la feria en la que adem\u00e1s de promover nuevas oportunidades de negocio, se dar\u00e1 impulso a la formaci\u00f3n profesional del sector\u00bb, expres\u00f3.<\/p>\n<p>&nbsp;<\/p>\n<p><img loading=\"lazy\" decoding=\"async\" class=\"aligncenter size-large wp-image-7138\" src=\"https:\/\/foro1025.mx\/wp-content\/uploads\/2019\/04\/z-C98A7258-1024x997.jpg\" alt=\"\" width=\"1024\" height=\"997\" \/><\/p>\n<p>&nbsp;<\/p>\n<p class=\"p3\">Andr\u00e9s Manuel L\u00f3pez Obrador, Presidente de M\u00e9xico, inform\u00f3 que las obras para la construcci\u00f3n del nuevo Aeropuerto de M\u00e9xico, en la Base A\u00e9rea Militar de Santa Luc\u00eda, comenzar\u00e1n el pr\u00f3ximo lunes y destac\u00f3 que esta base cuenta con una extensi\u00f3n de 3 mil hect\u00e1reas, la cual es una extensi\u00f3n superior por cinco veces al actual aeropuerto internacional de M\u00e9xico.<\/p>\n<p class=\"p3\">Agreg\u00f3 que durante la Feria Aeroespacial se pondr\u00e1 a la venta una flotilla de 72 aeronaves pertenecientes al Gobierno de la Rep\u00fablica, y que, al igual que la venta del avi\u00f3n presidencial,<span class=\"Apple-converted-space\">\u00a0 <\/span>estar\u00e1 supervisada por miembros de la Organizaci\u00f3n de las Naciones Unidas (ONU), y anticip\u00f3 que se prev\u00e9 recaudar cerca de 10 mil millones de pesos que se destinar\u00e1n al desarrollo y al bienestar del pueblo mexicano.<\/p>\n<p class=\"p3\">Al finalizar la ceremonia inaugural, el Presidente de la naci\u00f3n, acompa\u00f1ado por el Gobernador Alfredo Del Mazo, los secretarios de la Defensa Nacional, de la Marina e integrantes del Gabinete del Gobierno federal y empresarios recorrieron la Feria Aeroespacial, donde apreciaron aviones comerciales y militares, as\u00ed como helic\u00f3pteros y una pr\u00e1ctica de paracaidistas.<\/p>\n<p class=\"p7\">\n","protected":false},"excerpt":{"rendered":"<div class=\"mh-excerpt\"><p>\u2022Destaca mandatario mexiquense el compromiso del Presidente Andr\u00e9s Manuel L\u00f3pez Obrador porque desde que inici\u00f3 <a class=\"mh-excerpt-more\" href=\"https:\/\/foro1025.mx\/?p=7134\" title=\"Reitera Alfredo Del Mazo respaldo del Edom\u00e9x a la Guardia Nacional para garantizar la seguridad en M\u00e9xico\">&#8230;<\/a><\/p>\n<\/div>","protected":false},"author":1,"featured_media":0,"comment_status":"closed","ping_status":"closed","sticky":false,"template":"","format":"standard","meta":{"footnotes":""},"categories":[13,18,39],"tags":[],"class_list":{"0":"post-7134","1":"post","2":"type-post","3":"status-publish","4":"format-standard","6":"category-estado-de-mexico","7":"category-nacional","8":"category-principales"},"_links":{"self":[{"href":"https:\/\/foro1025.mx\/index.php?rest_route=\/wp\/v2\/posts\/7134","targetHints":{"allow":["GET"]}}],"collection":[{"href":"https:\/\/foro1025.mx\/index.php?rest_route=\/wp\/v2\/posts"}],"about":[{"href":"https:\/\/foro1025.mx\/index.php?rest_route=\/wp\/v2\/types\/post"}],"author":[{"embeddable":true,"href":"https:\/\/foro1025.mx\/index.php?rest_route=\/wp\/v2\/users\/1"}],"replies":[{"embeddable":true,"href":"https:\/\/foro1025.mx\/index.php?rest_route=%2Fwp%2Fv2%2Fcomments&post=7134"}],"version-history":[{"count":1,"href":"https:\/\/foro1025.mx\/index.php?rest_route=\/wp\/v2\/posts\/7134\/revisions"}],"predecessor-version":[{"id":7139,"href":"https:\/\/foro1025.mx\/index.php?rest_route=\/wp\/v2\/posts\/7134\/revisions\/7139"}],"wp:attachment":[{"href":"https:\/\/foro1025.mx\/index.php?rest_route=%2Fwp%2Fv2%2Fmedia&parent=7134"}],"wp:term":[{"taxonomy":"category","embeddable":true,"href":"https:\/\/foro1025.mx\/index.php?rest_route=%2Fwp%2Fv2%2Fcategories&post=7134"},{"taxonomy":"post_tag","embeddable":true,"href":"https:\/\/foro1025.mx\/index.php?rest_route=%2Fwp%2Fv2%2Ftags&post=7134"}],"curies":[{"name":"wp","href":"https:\/\/api.w.org\/{rel}","templated":true}]}}