{"id":7173,"date":"2019-05-09T14:04:39","date_gmt":"2019-05-09T19:04:39","guid":{"rendered":"https:\/\/foro1025.mx\/?p=7173"},"modified":"2019-05-09T14:07:56","modified_gmt":"2019-05-09T19:07:56","slug":"7173","status":"publish","type":"post","link":"https:\/\/foro1025.mx\/?p=7173","title":{"rendered":"Inicia Alfredo del Mazo programa Ecobicitaxi con banderazo de salida a primeras 50 unidades"},"content":{"rendered":"<p class=\"p5\"><i>\u2022 Asegura Gobernador que su administraci\u00f3n apoya esta alternativa de transporte, ya que es amigable con el medio ambiente, adem\u00e1s de ser econ\u00f3mica, accesible y segura. <\/i><\/p>\n<p class=\"p5\"><i>\u2022 Destaca que en el Edom\u00e9x se realizan m\u00e1s de 270 mil viajes diarios, a cargo de 30 mil mototaxis y bicitaxis que operan en el Valle de M\u00e9xico y en el Valle de Toluca. <\/i><\/p>\n<p class=\"p5\"><i>\u2022 Reciben operadores de este sistema de transporte, permisos provisionales para trabajar en los municipios de Ayapango, Chalco, Chimalhuac\u00e1n, Ixtapaluca, Juchitepec, Nezahualc\u00f3yotl, Temamatla y Valle de Chalco Solidaridad. <\/i><\/p>\n<p class=\"p5\"><b>Temamatla, Estado de M\u00e9xico.-<\/b> El Gobernador Alfredo Del Mazo Maza puso en marcha el programa Ecobicitaxi, que tiene como finalidad regularizar este tipo de transporte y fomentar el uso de esta alternativa que es amigable con el medio ambiente, adem\u00e1s de ser econ\u00f3mica, accesible y segura para<span class=\"Apple-converted-space\">\u00a0 <\/span>usuarios y operadores.<\/p>\n<p class=\"p5\">\u201cDamos el banderazo de salida a las primeras 50 ecobicitaxis para que sea un programa que podamos seguir impulsando y que podamos brindar esas condiciones de seguridad y de servicio. Me da much\u00edsimo gusto estar el d\u00eda de hoy, agradecerles su disposici\u00f3n y el \u00e1nimo para sumarse a esta iniciativa e invitarlos a que el Estado de M\u00e9xico sea un ejemplo.<\/p>\n<p class=\"p5\">\u201cSomos el primer estado que impulsa este programa, ning\u00fan estado de la Rep\u00fablica tiene un programa como \u00e9ste de regularizar este tipo de transporte, de ordenarlo y hacer un transporte m\u00e1s seguro, amigable con el medio ambiente y m\u00e1s seguro\u00bb, recalc\u00f3.<\/p>\n<p class=\"p5\">En la Plaza Hidalgo, en Temamatla, Alfredo Del Mazo destac\u00f3 que hoy en d\u00eda existe una gran demanda en el Estado de M\u00e9xico por este servicio, ya que al d\u00eda se contabilizan m\u00e1s de 270 mil traslados, a cargo de 30 mil mototaxis y bicitaxis, aproximadamente, que operan en la regi\u00f3n del Valle de M\u00e9xico y del Valle de Toluca.<\/p>\n<p>&nbsp;<\/p>\n<p><img loading=\"lazy\" decoding=\"async\" class=\"aligncenter size-large wp-image-7177\" src=\"https:\/\/foro1025.mx\/wp-content\/uploads\/2019\/05\/9-918x1024.jpg\" alt=\"\" width=\"918\" height=\"1024\" \/><\/p>\n<p>&nbsp;<\/p>\n<p class=\"p5\">Asimismo, puntualiz\u00f3 que su trabajo es muy importante al llegar a lugares en los que no existen rutas del transporte p\u00fablico habitual, por lo que son la \u00fanica opci\u00f3n de movilidad para miles de mexiquenses.<\/p>\n<p class=\"p5\">\u201cUstedes le brindan un gran servicio a la ciudadan\u00eda en un nicho, que por la demanda de la gente, se requiere hacer uso de este transporte. Se calcula que entre el Valle de Toluca y el Valle de M\u00e9xico hay alrededor de 30 mil mototaxis o bicitaxis, que realizan m\u00e1s de 270 mil viajes diarios y que son necesarios para que en muchas colonias, en donde no hay acceso al transporte p\u00fablico, colectivo, por ejemplo, a trav\u00e9s de autobuses o de micros, o en algunas unidades habitacionales a donde no ingresa este tipo de transporte p\u00fablico, se requiere el uso de las mototaxis o bicitaxis\u00bb, subray\u00f3.<\/p>\n<p class=\"p5\">Ante operadores e integrantes de asociaciones de ecobicitaxis y alcaldes de municipios de la regi\u00f3n oriente del estado, Del Mazo explic\u00f3 que los ecobicitaxis que forman parte de este programa est\u00e1n equipados con una bater\u00eda el\u00e9ctrica, la cual permite disminuir el esfuerzo del conductor hasta en 70 por ciento, adem\u00e1s de generar un gran ahorro en el gasto de combustible, en el caso de quienes conducen un mototaxi.<\/p>\n<p class=\"p5\">Asegur\u00f3 que uno de los objetivos del Plan de Movilidad en el estado es brindar certeza a los propietarios del transporte de esta clase, y asegur\u00f3 que la intenci\u00f3n es regularizar y ordenar su funcionamiento, ya que es parte de la realidad de miles de ciudadanos y una opci\u00f3n para impulsar la cultura vial y el cuidado del medio ambiente.<\/p>\n<p class=\"p5\">\u201cHoy en d\u00eda ustedes brindan un servicio que queremos que sea un servicio que se vaya regularizando y ordenando, un servicio que es una realidad que atiende una demanda ciudadana y que tambi\u00e9n debemos de reconocer que debemos darles mayores condiciones de seguridad y de certeza a quienes prestan este servicio. Que va de la mano de impulsar tambi\u00e9n una cultura vial de respeto a los peatones, a las bicicletas y a los distintos medios de transporte\u201d, se\u00f1al\u00f3.<\/p>\n<p>&nbsp;<\/p>\n<p><img loading=\"lazy\" decoding=\"async\" class=\"aligncenter size-large wp-image-7178\" src=\"https:\/\/foro1025.mx\/wp-content\/uploads\/2019\/05\/3-1024x1012.jpg\" alt=\"\" width=\"1024\" height=\"1012\" \/><\/p>\n<p>&nbsp;<\/p>\n<p class=\"p5\">El Gobernador agreg\u00f3 que tambi\u00e9n se impulsar\u00e1n medidas de seguridad en los ecobicitaxis, con lineamientos como no exceder los 25 kil\u00f3metros por hora, contar con cinturones de seguridad y aditamentos como casco y guantes para los operadores.<\/p>\n<p class=\"p5\">A\u00f1adi\u00f3 que el Gobierno mexiquense, a trav\u00e9s de la Secretar\u00eda de Movilidad, apoyar\u00e1 a los concesionarios de este sector para que puedan vincularse con los fabricantes y adquirir o renovar sus unidades, mediante facilidades de financiamiento.<\/p>\n<p class=\"p5\">Acompa\u00f1ado por el Secretario de Movilidad, Raymundo Mart\u00ednez Carbajal, y por el Presidente municipal de Temamatla, Mart\u00edn Orozpe P\u00e9rez, Del Mazo Maza tambi\u00e9n entreg\u00f3 permisos provisionales a operadores de este sistema de transporte, de los municipios de Ayapango, Chalco, Chimalhuac\u00e1n, Ixtapaluca, Juchitepec, Nezahualc\u00f3yotl, Temamatla y Valle de Chalco Solidaridad.<\/p>\n<p class=\"p5\">Raymundo Mart\u00ednez Carbajal, Secretario de Movilidad, indic\u00f3 que este programa mitigar\u00e1 la competencia desleal e irregular en el sector, adem\u00e1s de posibilitar una tarifa dentro de norma y contribuir a las acciones que el Gobierno del estado realiza con el programa Proaire 2018-2030, ya que evita la utilizaci\u00f3n de veh\u00edculos motorizados y la quema de combustibles.<\/p>\n<p>&nbsp;<\/p>\n<p><img loading=\"lazy\" decoding=\"async\" class=\"aligncenter size-large wp-image-7179\" src=\"https:\/\/foro1025.mx\/wp-content\/uploads\/2019\/05\/7-1024x894.jpg\" alt=\"\" width=\"1024\" height=\"894\" \/><\/p>\n<p>&nbsp;<\/p>\n<p class=\"p5\">Puntualiz\u00f3 que en este programa lo primero es la gente, pues tendr\u00e1 como prioridad a mujeres, ni\u00f1os, discapacitados y adultos mayores, adem\u00e1s que su normatividad plantea reglas aplicables en todas las regiones donde opera, y a\u00f1adi\u00f3 que habr\u00e1 apoyo para capacitaci\u00f3n a operadores, posventa y distribuci\u00f3n de unidades por armadoras y mantenimiento que garantice la seguridad.<\/p>\n<p class=\"p5\">Nicol\u00e1s Ventura G\u00f3mez, Presidente de la Asociaci\u00f3n de Mototaxis de la CTM-Valle de Chalco, agradeci\u00f3 que la administraci\u00f3n estatal publicara en la Gaceta de Gobierno la Norma T\u00e9cnica, que reconoce y da certeza jur\u00eddica a esta modalidad de Ecobicitaxi, para prestar de manera legal el servicio, adem\u00e1s del cambio de motocicletas a bicicletas el\u00e9ctricas.<\/p>\n<p class=\"p5\">Al finalizar el evento, el mandatario mexiquense y el Secretario de Movilidad condujeron un par de<span class=\"Apple-converted-space\">\u00a0 <\/span>ecobicitaxis, con lo cual este programa<span class=\"Apple-converted-space\">\u00a0 <\/span>inici\u00f3 en el Estado de M\u00e9xico.<\/p>\n","protected":false},"excerpt":{"rendered":"<div class=\"mh-excerpt\"><p>\u2022 Asegura Gobernador que su administraci\u00f3n apoya esta alternativa de transporte, ya que es amigable <a class=\"mh-excerpt-more\" href=\"https:\/\/foro1025.mx\/?p=7173\" title=\"Inicia Alfredo del Mazo programa Ecobicitaxi con banderazo de salida a primeras 50 unidades\">&#8230;<\/a><\/p>\n<\/div>","protected":false},"author":1,"featured_media":0,"comment_status":"closed","ping_status":"closed","sticky":false,"template":"","format":"standard","meta":{"footnotes":""},"categories":[13,39],"tags":[],"class_list":{"0":"post-7173","1":"post","2":"type-post","3":"status-publish","4":"format-standard","6":"category-estado-de-mexico","7":"category-principales"},"_links":{"self":[{"href":"https:\/\/foro1025.mx\/index.php?rest_route=\/wp\/v2\/posts\/7173","targetHints":{"allow":["GET"]}}],"collection":[{"href":"https:\/\/foro1025.mx\/index.php?rest_route=\/wp\/v2\/posts"}],"about":[{"href":"https:\/\/foro1025.mx\/index.php?rest_route=\/wp\/v2\/types\/post"}],"author":[{"embeddable":true,"href":"https:\/\/foro1025.mx\/index.php?rest_route=\/wp\/v2\/users\/1"}],"replies":[{"embeddable":true,"href":"https:\/\/foro1025.mx\/index.php?rest_route=%2Fwp%2Fv2%2Fcomments&post=7173"}],"version-history":[{"count":3,"href":"https:\/\/foro1025.mx\/index.php?rest_route=\/wp\/v2\/posts\/7173\/revisions"}],"predecessor-version":[{"id":7180,"href":"https:\/\/foro1025.mx\/index.php?rest_route=\/wp\/v2\/posts\/7173\/revisions\/7180"}],"wp:attachment":[{"href":"https:\/\/foro1025.mx\/index.php?rest_route=%2Fwp%2Fv2%2Fmedia&parent=7173"}],"wp:term":[{"taxonomy":"category","embeddable":true,"href":"https:\/\/foro1025.mx\/index.php?rest_route=%2Fwp%2Fv2%2Fcategories&post=7173"},{"taxonomy":"post_tag","embeddable":true,"href":"https:\/\/foro1025.mx\/index.php?rest_route=%2Fwp%2Fv2%2Ftags&post=7173"}],"curies":[{"name":"wp","href":"https:\/\/api.w.org\/{rel}","templated":true}]}}