{"id":7188,"date":"2019-05-17T13:31:15","date_gmt":"2019-05-17T18:31:15","guid":{"rendered":"https:\/\/foro1025.mx\/?p=7188"},"modified":"2019-05-17T13:31:15","modified_gmt":"2019-05-17T18:31:15","slug":"cae-banda-de-roba-coches-en-izcalli","status":"publish","type":"post","link":"https:\/\/foro1025.mx\/?p=7188","title":{"rendered":"Cae banda de roba coches en Izcalli"},"content":{"rendered":"<ul>\n<li><em>La Comisar\u00eda en coordinaci\u00f3n con el ej\u00e9rcito logran importante hecho<\/em><\/li>\n<\/ul>\n<p>Como resultado de las labores de patrullaje por parte de elementos de la Comisaria de Seguridad P\u00fablica y en coordinaci\u00f3n con la Secretar\u00eda de la Defensa, la madrugada de este jueves se logr\u00f3 el aseguramiento de seis personas en San Francisco Tepojaco, que se encontraban a bordo de un autom\u00f3vil que fue identificado con un reporte de robo vigente.<\/p>\n<p>Dentro del autom\u00f3vil que estaba sobre la carretera vieja a Los Ailes, los elementos de seguridad encontraron presuntos narc\u00f3ticos con las caracter\u00edsticas de la coca\u00edna y cristal, un arma larga calibre 2.23 con cargador y siete cartuchos \u00fatiles.<\/p>\n<p>Los sujetos, cinco hombres y una mujer, de entre 19 y 30 a\u00f1os, que podr\u00edan ser parte de una red de robo de autom\u00f3viles con violencia dentro del municipio, fueron puestos a disposici\u00f3n del Ministerio P\u00fablico para iniciar los procesos correspondientes.<\/p>\n","protected":false},"excerpt":{"rendered":"<div class=\"mh-excerpt\"><p>La Comisar\u00eda en coordinaci\u00f3n con el ej\u00e9rcito logran importante hecho Como resultado de las labores <a class=\"mh-excerpt-more\" href=\"https:\/\/foro1025.mx\/?p=7188\" title=\"Cae banda de roba coches en Izcalli\">&#8230;<\/a><\/p>\n<\/div>","protected":false},"author":1,"featured_media":0,"comment_status":"closed","ping_status":"closed","sticky":false,"template":"","format":"standard","meta":{"footnotes":""},"categories":[29,9],"tags":[],"class_list":{"0":"post-7188","1":"post","2":"type-post","3":"status-publish","4":"format-standard","6":"category-cuautitlan-izcalli","7":"category-seguridad"},"_links":{"self":[{"href":"https:\/\/foro1025.mx\/index.php?rest_route=\/wp\/v2\/posts\/7188","targetHints":{"allow":["GET"]}}],"collection":[{"href":"https:\/\/foro1025.mx\/index.php?rest_route=\/wp\/v2\/posts"}],"about":[{"href":"https:\/\/foro1025.mx\/index.php?rest_route=\/wp\/v2\/types\/post"}],"author":[{"embeddable":true,"href":"https:\/\/foro1025.mx\/index.php?rest_route=\/wp\/v2\/users\/1"}],"replies":[{"embeddable":true,"href":"https:\/\/foro1025.mx\/index.php?rest_route=%2Fwp%2Fv2%2Fcomments&post=7188"}],"version-history":[{"count":1,"href":"https:\/\/foro1025.mx\/index.php?rest_route=\/wp\/v2\/posts\/7188\/revisions"}],"predecessor-version":[{"id":7191,"href":"https:\/\/foro1025.mx\/index.php?rest_route=\/wp\/v2\/posts\/7188\/revisions\/7191"}],"wp:attachment":[{"href":"https:\/\/foro1025.mx\/index.php?rest_route=%2Fwp%2Fv2%2Fmedia&parent=7188"}],"wp:term":[{"taxonomy":"category","embeddable":true,"href":"https:\/\/foro1025.mx\/index.php?rest_route=%2Fwp%2Fv2%2Fcategories&post=7188"},{"taxonomy":"post_tag","embeddable":true,"href":"https:\/\/foro1025.mx\/index.php?rest_route=%2Fwp%2Fv2%2Ftags&post=7188"}],"curies":[{"name":"wp","href":"https:\/\/api.w.org\/{rel}","templated":true}]}}