{"id":7403,"date":"2019-08-09T12:38:02","date_gmt":"2019-08-09T17:38:02","guid":{"rendered":"https:\/\/foro1025.mx\/?p=7403"},"modified":"2019-08-09T12:39:51","modified_gmt":"2019-08-09T17:39:51","slug":"7403","status":"publish","type":"post","link":"https:\/\/foro1025.mx\/?p=7403","title":{"rendered":"Los jueves ciudadanos en Huixquilucan demuestran compromiso, rumbo y transparencia"},"content":{"rendered":"<p class=\"p3\"><em>\u2022 Vecinos reconocen acercamiento permanente del Alcalde <\/em><\/p>\n<p class=\"p2\"><em>\u2022 Se ha recorrido todo el territorio municipal con este ejercicio ciudadano <\/em><\/p>\n<p class=\"p2\">Los Jueves Ciudadanos, fueron impulsados por el presidente municipal de Huixquilucan, Enrique Vargas del Villar, los cuales han sido exitosos y con gran aceptaci\u00f3n social, asegur\u00f3 Graco Arturo Ram\u00edrez Garrido Garc\u00eda, secretario T\u00e9cnico del Consejo de Seguridad P\u00fablica y responsable de este ejercicio.<\/p>\n<p class=\"p2\">Record\u00f3, que desde hace 3 a\u00f1os siete meses, el Alcalde inici\u00f3 este proyecto con el objetivo de tener un acercamiento permanente con la poblaci\u00f3n y atender los requerimientos de las distintas zonas de Huixquilucan.<\/p>\n<p class=\"p2\">Precis\u00f3, que por instrucciones del Presidente Municipal, la totalidad de la administraci\u00f3n p\u00fablica, as\u00ed como los organismos descentralizados se trasladan a las comunidades, colonias y fraccionamientos, para escuchar de manera directa a los ciudadanos.<\/p>\n<p class=\"p2\">A las peticiones de los asistentes al Jueves Ciudadano, se les da un n\u00famero de folio para darle seguimiento hasta su conclusi\u00f3n.<\/p>\n<p class=\"p2\">Durante esta s\u00e9ptima edici\u00f3n de Jueves Ciudadano realizado en Santa Cruz Ayotuxco, Ram\u00edrez Garrido Garc\u00eda, se\u00f1al\u00f3 que la ciudadan\u00eda ve este acercamiento como una acci\u00f3n constante de gobierno. \u201dHoy la poblaci\u00f3n reconoce que hay un contacto permanente con el Presidente Municipal\u201d, asever\u00f3.<\/p>\n<p class=\"p2\">En esta ocasi\u00f3n, el secretario del Ayuntamiento, Pablo Fern\u00e1ndez de Cevallos Gonz\u00e1lez, encabez\u00f3 la sesi\u00f3n a la que acudieron casi 200 personas de las comunidades de Santa Cruz Ayotuxco y San Jos\u00e9 Huiloteapan, principalmente.<\/p>\n","protected":false},"excerpt":{"rendered":"<div class=\"mh-excerpt\"><p>\u2022 Vecinos reconocen acercamiento permanente del Alcalde \u2022 Se ha recorrido todo el territorio municipal <a class=\"mh-excerpt-more\" href=\"https:\/\/foro1025.mx\/?p=7403\" title=\"Los jueves ciudadanos en Huixquilucan demuestran compromiso, rumbo y transparencia\">&#8230;<\/a><\/p>\n<\/div>","protected":false},"author":1,"featured_media":0,"comment_status":"closed","ping_status":"closed","sticky":false,"template":"","format":"standard","meta":{"footnotes":""},"categories":[17],"tags":[],"class_list":{"0":"post-7403","1":"post","2":"type-post","3":"status-publish","4":"format-standard","6":"category-huixquilucan"},"_links":{"self":[{"href":"https:\/\/foro1025.mx\/index.php?rest_route=\/wp\/v2\/posts\/7403","targetHints":{"allow":["GET"]}}],"collection":[{"href":"https:\/\/foro1025.mx\/index.php?rest_route=\/wp\/v2\/posts"}],"about":[{"href":"https:\/\/foro1025.mx\/index.php?rest_route=\/wp\/v2\/types\/post"}],"author":[{"embeddable":true,"href":"https:\/\/foro1025.mx\/index.php?rest_route=\/wp\/v2\/users\/1"}],"replies":[{"embeddable":true,"href":"https:\/\/foro1025.mx\/index.php?rest_route=%2Fwp%2Fv2%2Fcomments&post=7403"}],"version-history":[{"count":3,"href":"https:\/\/foro1025.mx\/index.php?rest_route=\/wp\/v2\/posts\/7403\/revisions"}],"predecessor-version":[{"id":7407,"href":"https:\/\/foro1025.mx\/index.php?rest_route=\/wp\/v2\/posts\/7403\/revisions\/7407"}],"wp:attachment":[{"href":"https:\/\/foro1025.mx\/index.php?rest_route=%2Fwp%2Fv2%2Fmedia&parent=7403"}],"wp:term":[{"taxonomy":"category","embeddable":true,"href":"https:\/\/foro1025.mx\/index.php?rest_route=%2Fwp%2Fv2%2Fcategories&post=7403"},{"taxonomy":"post_tag","embeddable":true,"href":"https:\/\/foro1025.mx\/index.php?rest_route=%2Fwp%2Fv2%2Ftags&post=7403"}],"curies":[{"name":"wp","href":"https:\/\/api.w.org\/{rel}","templated":true}]}}