{"id":7434,"date":"2019-08-09T13:21:55","date_gmt":"2019-08-09T18:21:55","guid":{"rendered":"https:\/\/foro1025.mx\/?p=7434"},"modified":"2019-08-09T13:21:55","modified_gmt":"2019-08-09T18:21:55","slug":"tultitlan-se-suma-a-la-agenda-2030","status":"publish","type":"post","link":"https:\/\/foro1025.mx\/?p=7434","title":{"rendered":"Tultitl\u00e1n se suma a la agenda 2030"},"content":{"rendered":"<ul>\n<li class=\"p2\"><em><span class=\"s1\">Durante el acto solemne, se realiz\u00f3 la toma de protesta y se realiza la instalaci\u00f3n del Consejo Municipal para el Cumplimiento de los Objetivos para el Desarrollo Sustentable de Naciones Unidas.<\/span><\/em><\/li>\n<\/ul>\n<p class=\"p2\"><span class=\"s1\">Con la finalidad de desarrollar un plan de acci\u00f3n mundial a favor de las personas, el planeta, medio ambiente y la prosperidad, basado en los 17 Objetivos de Desarrollo Sostenible, que tiene por meta asegurar el progreso social, econ\u00f3mico sostenible en todo el mundo y fortalecer la paz dentro de un concepto m\u00e1s amplio de la libertad, el gobierno municipal encabezado por la alcaldesa Elena Garc\u00eda Mart\u00ednez, en conjunto con el Presidente de la Junta de Coordinaci\u00f3n Pol\u00edtica de la Sexag\u00e9sima Legislatura del Estado de M\u00e9xico Maurilio Hern\u00e1ndez Gonz\u00e1lez, el Secretario de Puntos Constituyentes en la C\u00e1mara de Diputados Gustavo Contreras Montes, diputados locales, y federales llevaron a cabo la toma de protesta e instalaci\u00f3n del Consejo Municipal para el Cumplimiento de los Objetivos para el Desarrollo Sustentable.<\/span><\/p>\n<p class=\"p3\"><span class=\"s2\">Durante su mensaje, la mun\u00edcipe se\u00f1al\u00f3 que \u201cTultitl\u00e1n se suma a los esfuerzos de esta gran encomienda, donde debemos no solo conocer en qu\u00e9 consiste este consejo, sino de ponerlo en pr\u00e1ctica para que los tultitlenses tengan mejores oportunidades, alternativas sustentables, econ\u00f3micas, sociales y sobre todo del medio ambiente\u201d.<\/span><span class=\"s1\"><br \/>\n<\/span><span class=\"s2\">\u201cBuscamos erradicar la pobreza extrema e integrar y equilibrar las tres dimensiones del desarrollo sostenible, econ\u00f3mico, social y ambiental para fortalecer la paz, igualdad de g\u00e9nero as\u00ed como el empoderamiento de mujeres y ni\u00f1as y m\u00e1s acciones para concientizar a la ciudadan\u00eda y que podamos actuar de manera r\u00e1pida\u201d.<\/span><span class=\"s1\"><br \/>\n<\/span><span class=\"s2\">Por otra parte, el diputado Maurilio Hern\u00e1ndez dijo que \u201cLa Agenda 2030 para el Desarrollo Sostenible es una hoja de ruta para erradicar la pobreza, proteger al planeta y asegurar la prosperidad para todos sin comprometer los recursos para las futuras generaciones.<\/span><span class=\"s1\"><br \/>\n<\/span><span class=\"s2\">Consiste en 17 Objetivos de Desarrollo Sostenible, con 169 metas espec\u00edficas, que constituyen una agenda integral y multisectorial. Es un plan de acci\u00f3n conjunta para lograr: Personas Libres Sanas y Seguras; Personas comprometidas con la Comunidad, la Naturaleza y el Medio Ambiente; Personas Preparadas, Productivas e Innovadoras; Personas Trabajando por la Igualdad; Para alcanzar el Desarrollo Sostenible debemos tomar en cuenta el Crecimiento Econ\u00f3mico, Protecci\u00f3n Ambiental y la Inclusi\u00f3n Social.<\/span><span class=\"s1\"><br \/>\n<\/span><span class=\"s2\">En ese sentido Gustavo Contreras Montes, especific\u00f3 que es un gusto saber que Tultitl\u00e1n se integre por una sociedad con equidad, cohesi\u00f3n social e igualdad de oportunidades; que permita cerrar las brechas existentes entre diferentes grupos sociales mediante pol\u00edticas que giren en torno al ciudadano, ubic\u00e1ndolo como agente de cambio.\u00a0 Este Consejo obliga a los tres \u00f3rdenes de gobierno a redoblar esfuerzos para consolidar el desarrollo sostenible, entendiendo la disminuci\u00f3n de la pobreza, salud, bienestar, educaci\u00f3n de calidad, igualdad de g\u00e9nero, agua limpia y saneamiento, energ\u00eda asequible, trabajo digno y crecimiento econ\u00f3mico.<\/span><\/p>\n","protected":false},"excerpt":{"rendered":"<div class=\"mh-excerpt\"><p>Durante el acto solemne, se realiz\u00f3 la toma de protesta y se realiza la instalaci\u00f3n <a class=\"mh-excerpt-more\" href=\"https:\/\/foro1025.mx\/?p=7434\" title=\"Tultitl\u00e1n se suma a la agenda 2030\">&#8230;<\/a><\/p>\n<\/div>","protected":false},"author":1,"featured_media":0,"comment_status":"closed","ping_status":"closed","sticky":false,"template":"","format":"standard","meta":{"footnotes":""},"categories":[10],"tags":[],"class_list":{"0":"post-7434","1":"post","2":"type-post","3":"status-publish","4":"format-standard","6":"category-tultitlan"},"_links":{"self":[{"href":"https:\/\/foro1025.mx\/index.php?rest_route=\/wp\/v2\/posts\/7434","targetHints":{"allow":["GET"]}}],"collection":[{"href":"https:\/\/foro1025.mx\/index.php?rest_route=\/wp\/v2\/posts"}],"about":[{"href":"https:\/\/foro1025.mx\/index.php?rest_route=\/wp\/v2\/types\/post"}],"author":[{"embeddable":true,"href":"https:\/\/foro1025.mx\/index.php?rest_route=\/wp\/v2\/users\/1"}],"replies":[{"embeddable":true,"href":"https:\/\/foro1025.mx\/index.php?rest_route=%2Fwp%2Fv2%2Fcomments&post=7434"}],"version-history":[{"count":1,"href":"https:\/\/foro1025.mx\/index.php?rest_route=\/wp\/v2\/posts\/7434\/revisions"}],"predecessor-version":[{"id":7436,"href":"https:\/\/foro1025.mx\/index.php?rest_route=\/wp\/v2\/posts\/7434\/revisions\/7436"}],"wp:attachment":[{"href":"https:\/\/foro1025.mx\/index.php?rest_route=%2Fwp%2Fv2%2Fmedia&parent=7434"}],"wp:term":[{"taxonomy":"category","embeddable":true,"href":"https:\/\/foro1025.mx\/index.php?rest_route=%2Fwp%2Fv2%2Fcategories&post=7434"},{"taxonomy":"post_tag","embeddable":true,"href":"https:\/\/foro1025.mx\/index.php?rest_route=%2Fwp%2Fv2%2Ftags&post=7434"}],"curies":[{"name":"wp","href":"https:\/\/api.w.org\/{rel}","templated":true}]}}