{"id":7485,"date":"2019-08-12T20:56:59","date_gmt":"2019-08-13T01:56:59","guid":{"rendered":"https:\/\/foro1025.mx\/?p=7485"},"modified":"2019-08-12T20:59:27","modified_gmt":"2019-08-13T01:59:27","slug":"7485","status":"publish","type":"post","link":"https:\/\/foro1025.mx\/?p=7485","title":{"rendered":"El gobierno de Huixquilucan invita a visitar el t\u00fanel memoria y tolerancia"},"content":{"rendered":"<ul>\n<li class=\"p2\"><em>La entrada es gratuita y estar\u00e1 abierto al p\u00fablico hasta el 1 de septiembre <\/em><\/li>\n<\/ul>\n<p class=\"p2\">Darle a conocer a los ni\u00f1os y j\u00f3venes la historia de la humanidad para que no se repitan casos lamentables, es el objetivo de la inauguraci\u00f3n del T\u00fanel Memoria y Tolerancia, que a partir de este d\u00eda se podr\u00e1 visitar en la Explanada Municipal, inform\u00f3 el Alcalde de Huixquilucan, Enrique Vargas del Villar.<\/p>\n<p class=\"p2\">Asegur\u00f3, que al conocer el proyecto del T\u00fanel, inmediatamente acept\u00f3 traerlo al municipio, para que todos los huixquiluquenses puedan ver lo que ha pasado en la humanidad \u201cy podamos aprender a ser tolerantes con el pr\u00f3jimo\u201d.<\/p>\n<p class=\"p2\">Acompa\u00f1ado de integrantes del Cabildo, detall\u00f3 que buscar\u00e1 llevar el T\u00fanel Memoria y Tolerancia, a otra parte del municipio, y con ello poder colaborar en la paz del mundo, en el pa\u00eds y en Huixquilucan.<\/p>\n<p class=\"p2\">\u201cVamos a seguir trabajando m\u00e1s fuerte en el municipio de Huixquilucan, para que no pase nunca m\u00e1s en nuestra humanidad, casos como los que se exponen en el T\u00fanel Memoria y Tolerancia\u201d.<\/p>\n<p class=\"p2\">En tanto, Vivian Silberstein Voguen, directora de Relaciones Institucionales del Museo de Memoria y Tolerancia, se\u00f1al\u00f3 que hoy m\u00e1s que nunca las alianzas que han forjado con los municipios en el estado de M\u00e9xico, adem\u00e1s de emocionarles, regresan un poco de la esperanza que en ocasiones suele sentirse perdida.<\/p>\n<p class=\"p2\">La multiculturalidad que compone a Huixquilucan, dijo, har\u00e1 que quienes visiten esta herramienta pedag\u00f3gica, sin distinci\u00f3n de estrato social, cultural o econ\u00f3mico, se conviertan en embajadores del Museo.<\/p>\n<p class=\"p2\">Precis\u00f3, que al recorrer el T\u00fanel, se puede reflexionar sobre los alcances del odio y la violencia, el holocausto y el genocidio, adem\u00e1s de hacer visibles sectores con alta vulnerabilidad como son las mujeres, adultos mayores, discapacitados, ind\u00edgenas y homosexuales.<\/p>\n","protected":false},"excerpt":{"rendered":"<div class=\"mh-excerpt\"><p>La entrada es gratuita y estar\u00e1 abierto al p\u00fablico hasta el 1 de septiembre Darle <a class=\"mh-excerpt-more\" href=\"https:\/\/foro1025.mx\/?p=7485\" title=\"El gobierno de Huixquilucan invita a visitar el t\u00fanel memoria y tolerancia\">&#8230;<\/a><\/p>\n<\/div>","protected":false},"author":1,"featured_media":0,"comment_status":"closed","ping_status":"closed","sticky":false,"template":"","format":"standard","meta":{"footnotes":""},"categories":[17],"tags":[],"class_list":{"0":"post-7485","1":"post","2":"type-post","3":"status-publish","4":"format-standard","6":"category-huixquilucan"},"_links":{"self":[{"href":"https:\/\/foro1025.mx\/index.php?rest_route=\/wp\/v2\/posts\/7485","targetHints":{"allow":["GET"]}}],"collection":[{"href":"https:\/\/foro1025.mx\/index.php?rest_route=\/wp\/v2\/posts"}],"about":[{"href":"https:\/\/foro1025.mx\/index.php?rest_route=\/wp\/v2\/types\/post"}],"author":[{"embeddable":true,"href":"https:\/\/foro1025.mx\/index.php?rest_route=\/wp\/v2\/users\/1"}],"replies":[{"embeddable":true,"href":"https:\/\/foro1025.mx\/index.php?rest_route=%2Fwp%2Fv2%2Fcomments&post=7485"}],"version-history":[{"count":2,"href":"https:\/\/foro1025.mx\/index.php?rest_route=\/wp\/v2\/posts\/7485\/revisions"}],"predecessor-version":[{"id":7488,"href":"https:\/\/foro1025.mx\/index.php?rest_route=\/wp\/v2\/posts\/7485\/revisions\/7488"}],"wp:attachment":[{"href":"https:\/\/foro1025.mx\/index.php?rest_route=%2Fwp%2Fv2%2Fmedia&parent=7485"}],"wp:term":[{"taxonomy":"category","embeddable":true,"href":"https:\/\/foro1025.mx\/index.php?rest_route=%2Fwp%2Fv2%2Fcategories&post=7485"},{"taxonomy":"post_tag","embeddable":true,"href":"https:\/\/foro1025.mx\/index.php?rest_route=%2Fwp%2Fv2%2Ftags&post=7485"}],"curies":[{"name":"wp","href":"https:\/\/api.w.org\/{rel}","templated":true}]}}