{"id":7529,"date":"2019-08-30T13:17:45","date_gmt":"2019-08-30T18:17:45","guid":{"rendered":"https:\/\/foro1025.mx\/?p=7529"},"modified":"2019-08-30T13:23:26","modified_gmt":"2019-08-30T18:23:26","slug":"7529","status":"publish","type":"post","link":"https:\/\/foro1025.mx\/?p=7529","title":{"rendered":"Firma Edom\u00e9x con CDMX e Hidalgo iniciativa de Ley para resolver los retos de la zona metropolitana del Valle de M\u00e9xico"},"content":{"rendered":"<p class=\"p4\"><i>\u2022 Asegura Alfredo Del Mazo que esta iniciativa refleja la voluntad de colaboraci\u00f3n para hacer frente a desaf\u00edos en materia de seguridad, medio ambiente, movilidad o de servicios p\u00fablicos para millones de personas.<\/i><\/p>\n<p class=\"p4\"><i>\u2022 Destaca Gobernador<span class=\"Apple-converted-space\">\u00a0 <\/span>Alfredo Del Mazo la coordinaci\u00f3n existente entre la capital nacional y el Edom\u00e9x en materia de seguridad, que permite que las polic\u00edas respectivas puedan cruzar l\u00edmites territoriales para perseguir delincuentes y trabajar en equipo.<\/i><\/p>\n<p class=\"p4\"><i>\u2022 Participan en la integraci\u00f3n de esta iniciativa, especialistas, acad\u00e9micos y organizaciones civiles, adem\u00e1s de las autoridades de cada entidad federativa.<\/i><\/p>\n<p class=\"p4\"><b>Naucalpan, Estado de M\u00e9xico.-<\/b>El Gobernador Alfredo Del Mazo Maza, la Jefa de Gobierno de la Ciudad de M\u00e9xico Claudia Sheinbaum Pardo, y Omar Fayad Meneses, Gobernador de Hidalgo, firmaron la Iniciativa Conjunta de Ley de Desarrollo Metropolitano para la Zona Metropolitana del Valle de M\u00e9xico, con la finalidad de coordinar estrategias y acciones para atender los retos presentes en esta regi\u00f3n, en beneficio de millones de mexicanos.<\/p>\n<p class=\"p4\">El mandatario mexiquense destac\u00f3 que esta iniciativa es producto de un gran esfuerzo que llev\u00f3 varios meses de trabajo, y refleja la voluntad de las autoridades de esta regi\u00f3n para mejorar los mecanismos que atiendan los retos en materia de seguridad, movilidad, ambientales o de servicios p\u00fablicos presentes en esta zona metropolitana, que es la m\u00e1s grande del pa\u00eds.<\/p>\n<p class=\"p4\">\u201cLas tres entidades presentamos este proyecto legislativo que turnaremos para su aprobaci\u00f3n al Congreso Federal a trav\u00e9s de nuestras legislaturas locales. La Ley de Desarrollo Metropolitano expresa nuestra voluntad de coordinaci\u00f3n y materializa los mecanismos que necesita la regi\u00f3n para consolidarse como motor del desarrollo nacional.<\/p>\n<p class=\"p4\">\u201cSe trata, como dec\u00edamos, de una iniciativa hist\u00f3rica que representa lo mejor del federalismo mexicano al ser la primera de car\u00e1cter interestatal del pa\u00eds, elaborada por tres entidades federativas con el acompa\u00f1amiento del Gobierno de M\u00e9xico\u00bb, enfatiz\u00f3.<\/p>\n<p>&nbsp;<\/p>\n<p><img loading=\"lazy\" decoding=\"async\" class=\"aligncenter size-large wp-image-7532\" src=\"https:\/\/foro1025.mx\/wp-content\/uploads\/2019\/08\/9-1024x773.jpg\" alt=\"\" width=\"1024\" height=\"773\" \/><\/p>\n<p>&nbsp;<\/p>\n<p class=\"p4\">En el Centro de Exposiciones, Ferias y Eventos del Parque Naucalli, Alfredo Del Mazo explic\u00f3 que, en la integraci\u00f3n de esta iniciativa participaron especialistas, acad\u00e9micos y organizaciones civiles, adem\u00e1s de las autoridades de cada entidad federativa, y consider\u00f3 que la aportaci\u00f3n de cada parte es clave para lograr resolver los rezagos en esta regi\u00f3n.<\/p>\n<p class=\"p4\">El Gobernador Del Mazo indic\u00f3 que M\u00e9xico es un pa\u00eds que ha experimentado una transici\u00f3n urbana acelerada, pues actualmente 80 por ciento de los mexicanos viven en ciudades, ya que ah\u00ed se concentran la oferta de empleo, educaci\u00f3n, servicios y entretenimiento, lo cual plantea grandes desaf\u00edos para brindar una vida digna a cada uno de los habitantes.<\/p>\n<p class=\"p4\">En el territorio mexiquense, subray\u00f3 Del Mazo Maza, se trabaja desde hace tiempo en coordinaci\u00f3n con autoridades de las entidades vecinas para impulsar sistemas de transporte masivo, como el Mexib\u00fas, las l\u00edneas del Mexicable, adem\u00e1s de estrategias de cuidado ambiental, y record\u00f3 que en la primera sesi\u00f3n de este Consejo se anunci\u00f3 la Agenda Metropolitana, la instalaci\u00f3n de las Comisiones Metropolitanas y la creaci\u00f3n de un marco normativo espec\u00edfico para atender los retos urbanos del Valle de M\u00e9xico.<\/p>\n<p class=\"p4\">En el rubro de seguridad, el titular del Ejecutivo mexiquense recalc\u00f3 la voluntad de colaboraci\u00f3n entre el Edom\u00e9x y la Ciudad de M\u00e9xico, ya que el trabajo en equipo ha permitido estrategias m\u00e1s eficientes, adem\u00e1s que en el Edom\u00e9x se han realizado m\u00e1s de 600 operativos conjuntos para combatir la delincuencia en el transporte p\u00fablico.<\/p>\n<p class=\"p4\">\u201cEste trabajo coordinado nos ha permitido que tanto la Polic\u00eda del Estado de M\u00e9xico como la de la Ciudad M\u00e9xico podamos cruzar las fronteras de los l\u00edmites pol\u00edticos que tenemos entre ambas entidades; la delincuencia no respeta ni conoce estos l\u00edmites fronterizos y hoy en d\u00eda nuestras Polic\u00edas pueden entrar tanto a la Ciudad como la Ciudad al Estado de M\u00e9xico.<\/p>\n<p class=\"p4\">\u201cCompartimos frecuencias, tenemos personal de la Secretar\u00eda de Seguridad de la Ciudad M\u00e9xico en el Centro de Mando del estado y personal de seguridad del Estado de M\u00e9xico en el Centro de Mando de la Ciudad, hemos realizado m\u00e1s de 600 operativos en conjunto para revisi\u00f3n de transporte p\u00fablico, as\u00ed como objetivos prioritarios de trabajo en materia de seguridad p\u00fablica\u201d, subray\u00f3.<\/p>\n<p class=\"p4\">En el marco de la Primera Sesi\u00f3n Ordinaria 2019, del Consejo de Desarrollo Metropolitano del Valle de M\u00e9xico y en presencia del Secretario de Desarrollo Agrario Territorial y Urbano, Rom\u00e1n Meyer Falc\u00f3n, el Gobernador Alfredo Del Mazo dijo que esta iniciativa define las atribuciones de cada nivel de Gobierno para coordinar acciones metropolitanas, formalizar mecanismos de gobernanza, adem\u00e1s de incorporar estrategias de democracia participativa, que permitir\u00e1n a los habitantes del Valle de M\u00e9xico tomar decisiones sobre pol\u00edtica p\u00fablica.<\/p>\n<p class=\"p4\">En su calidad de Presidente Conjunto de este Consejo, Del Mazo Maza reconoci\u00f3 la voluntad de la Ciudad de M\u00e9xico, del estado de Hidalgo, as\u00ed como del Gobierno federal para conformar est\u00e1 iniciativa, que contribuir\u00e1 a mejorar la calidad de vida de quienes habitan en esta zona metropolitana.<\/p>\n<p class=\"p4\">\u201cQuiero agradecer y reconocer la gran disposici\u00f3n de trabajo en conjunto por parte de la Jefa de Gobierno de la Ciudad de M\u00e9xico, del Gobernador del estado de Hidalgo, del Gobierno de M\u00e9xico, a trav\u00e9s del Secretario Rom\u00e1n Meyer, y tambi\u00e9n de quienes han participado desde el \u00e1mbito legislativo en esta iniciativa, como la Senadora Patricia Mercado, para poder hacer este proyecto realidad, que estaremos turnando pr\u00f3ximamente a nuestras legislaturas, a quienes agradezco que nos acompa\u00f1en y el impulso que le pudieran dar a esta iniciativa\u201d, expres\u00f3.<\/p>\n<p class=\"p4\">Andr\u00e9s Massieu Fern\u00e1ndez, Secretario de Desarrollo Urbano y Metropolitano estatal y Secretario T\u00e9cnico Conjunto de este Consejo, especific\u00f3 que la iniciativa se empez\u00f3 a conformar desde el pasado 9 de enero, para construir una agenda metropolitana y hacer de la zona un h\u00e1bitat inclusivo, seguro y alineado a la Agenda 2030 de la ONU.<\/p>\n<p class=\"p4\">La Agenda Metropolitana, aclar\u00f3, establece nueve ejes tem\u00e1ticos y contiene 48 acuerdos espec\u00edficos y 68 acuerdos complementarios en materia de ordenamiento territorial, seguridad, procuraci\u00f3n de justicia, salud, resiliencia, desarrollo econ\u00f3mico, gesti\u00f3n del agua y ambiental.<\/p>\n<p class=\"p4\">Explic\u00f3 que la iniciativa est\u00e1 integrada por ocho t\u00edtulos que contienen 78 art\u00edculos, cuyo objetivo es reglamentar el Apartado C del Art\u00edculo 122 Constitucional, para regular mecanismos de coordinaci\u00f3n y gobernanza en las 16 alcald\u00edas de la Ciudad de M\u00e9xico, 59 municipios mexiquenses y un municipio de Hidalgo.<\/p>\n<p class=\"p4\">En la firma de este acuerdo tambi\u00e9n estuvieron presentes el Presidente de la Mesa Directiva del Senado de la Rep\u00fablica, Mart\u00ed Batres Guadarrama, la Senadora Patricia Mercado, los Presidentes de las Legislaturas locales del Estado de M\u00e9xico, Hidalgo y la Ciudad de M\u00e9xico, e integrantes de los gobiernos estatales y federal.<\/p>\n","protected":false},"excerpt":{"rendered":"<div class=\"mh-excerpt\"><p>\u2022 Asegura Alfredo Del Mazo que esta iniciativa refleja la voluntad de colaboraci\u00f3n para hacer <a class=\"mh-excerpt-more\" href=\"https:\/\/foro1025.mx\/?p=7529\" title=\"Firma Edom\u00e9x con CDMX e Hidalgo iniciativa de Ley para resolver los retos de la zona metropolitana del Valle de M\u00e9xico\">&#8230;<\/a><\/p>\n<\/div>","protected":false},"author":1,"featured_media":0,"comment_status":"closed","ping_status":"closed","sticky":false,"template":"","format":"standard","meta":{"footnotes":""},"categories":[23,13,8,39],"tags":[],"class_list":{"0":"post-7529","1":"post","2":"type-post","3":"status-publish","4":"format-standard","6":"category-ciudad-de-mexico","7":"category-estado-de-mexico","8":"category-naucalpan","9":"category-principales"},"_links":{"self":[{"href":"https:\/\/foro1025.mx\/index.php?rest_route=\/wp\/v2\/posts\/7529","targetHints":{"allow":["GET"]}}],"collection":[{"href":"https:\/\/foro1025.mx\/index.php?rest_route=\/wp\/v2\/posts"}],"about":[{"href":"https:\/\/foro1025.mx\/index.php?rest_route=\/wp\/v2\/types\/post"}],"author":[{"embeddable":true,"href":"https:\/\/foro1025.mx\/index.php?rest_route=\/wp\/v2\/users\/1"}],"replies":[{"embeddable":true,"href":"https:\/\/foro1025.mx\/index.php?rest_route=%2Fwp%2Fv2%2Fcomments&post=7529"}],"version-history":[{"count":3,"href":"https:\/\/foro1025.mx\/index.php?rest_route=\/wp\/v2\/posts\/7529\/revisions"}],"predecessor-version":[{"id":7534,"href":"https:\/\/foro1025.mx\/index.php?rest_route=\/wp\/v2\/posts\/7529\/revisions\/7534"}],"wp:attachment":[{"href":"https:\/\/foro1025.mx\/index.php?rest_route=%2Fwp%2Fv2%2Fmedia&parent=7529"}],"wp:term":[{"taxonomy":"category","embeddable":true,"href":"https:\/\/foro1025.mx\/index.php?rest_route=%2Fwp%2Fv2%2Fcategories&post=7529"},{"taxonomy":"post_tag","embeddable":true,"href":"https:\/\/foro1025.mx\/index.php?rest_route=%2Fwp%2Fv2%2Ftags&post=7529"}],"curies":[{"name":"wp","href":"https:\/\/api.w.org\/{rel}","templated":true}]}}