{"id":7578,"date":"2019-08-30T13:55:58","date_gmt":"2019-08-30T18:55:58","guid":{"rendered":"https:\/\/foro1025.mx\/?p=7578"},"modified":"2019-08-30T14:02:27","modified_gmt":"2019-08-30T19:02:27","slug":"7578","status":"publish","type":"post","link":"https:\/\/foro1025.mx\/?p=7578","title":{"rendered":"Cabildo Abierto en la Quebrada fortalece relaci\u00f3n gobierno &#8211; ciudadan\u00eda"},"content":{"rendered":"<p class=\"p3\">En cumplimiento de la ley y con la finalidad de estar m\u00e1s cerca de la ciudadan\u00eda izcallense, el Ayuntamiento que preside Ricardo N\u00fa\u00f1ez Ayala, realiz\u00f3 la cuarta sesi\u00f3n de Cabildo abierto en el fraccionamiento Ampliaci\u00f3n La Quebrada.<\/p>\n<p class=\"p3\">La participaci\u00f3n de los ciudadanos se acentu\u00f3 principalmente en materia de recuperaci\u00f3n de espacios p\u00fablicos, por lo que los 16 participantes presentaron diferentes propuestas para la sostenibilidad de las \u00e1reas verdes y la recuperaci\u00f3n de las calles.<\/p>\n<p class=\"p3\">Entre las diferentes exigencias, peticiones y propuestas, los ciudadanos coincidieron en la falta de luminarias que provocan que algunos lugares sean dif\u00edciles de transitar despu\u00e9s de las 7 de la noche, por lo que es necesario mayor seguridad para que la gente recupere las calles, parques y jardines.<\/p>\n<p class=\"p3\">Una de las mayores preocupaciones fue la atenci\u00f3n a las ni\u00f1as, ni\u00f1os, adolescentes, y adultos mayores, como lo expres\u00f3 la ciudadana Cristina Guadalupe V\u00e1zquez Ar\u00e9valo, quien vive desde hace m\u00e1s de 50 a\u00f1os en la zona y dijo que a la par del crecimiento alrededor del fraccionamiento, tambi\u00e9n se han generado inconvenientes y riesgos para la poblaci\u00f3n de la tercera edad que no tiene espacios seguros para transitar por el fraccionamiento; por lo que pidi\u00f3 la construcci\u00f3n de pasillos y andenes que permitan caminar con seguridad y que son necesarios tambi\u00e9n para la seguridad de los ni\u00f1os y familiares.<\/p>\n<p class=\"p3\">Aunado a la recuperaci\u00f3n de espacios p\u00fablicos, la ciudadan\u00eda solicit\u00f3 que se rescate el centro de salud que tiene da\u00f1os de infraestructura a ra\u00edz del temblor del 2017, por lo que se requiere su rehabilitaci\u00f3n y puesta en marcha para la atenci\u00f3n de los vecinos del fraccionamiento.<\/p>\n<p class=\"p3\">El ciudadano Guillermo Aranda Estrada Obreg\u00f3n, centr\u00f3 su propuesta en los j\u00f3venes, para poder desarrollar en la comunidad una organizaci\u00f3n para recobrar \u00e1reas verdes, que proporcione valores, motive el aprendizaje, cuide el entorno, naturaleza y animales, as\u00ed como diferentes actividades para el desarrollo f\u00edsico.<\/p>\n<p class=\"p3\">Uno de los temas que m\u00e1s importancia tiene para la ciudadan\u00eda, es el derivado del proyecto que se ten\u00eda para crear el nuevo aeropuerto en el municipio de Texcoco, que consist\u00eda en desviar el agua que se generar\u00e1 en el lugar. Ciudadanos como Arturo Mendoza Trejo, comentaron que la Comisi\u00f3n del Agua del Estado de M\u00e9xico (CAEM), comenz\u00f3 a colocar tuber\u00eda en el fraccionamiento, que est\u00e1n provocando inundaciones, de las cuales hacen caso omiso las autoridades estatales, pidiendo la colaboraci\u00f3n e intervenci\u00f3n de las de las autoridades municipales para resolver y sanear el problema.<\/p>\n<p class=\"p3\">En el caso del mantenimiento de las \u00e1reas comunes, los vecinos invitaron a la gente para que desde su trinchera hicieran lo propio, educando a sus hijos a no tirar basura, a recoger las heces de sus mascotas, no fomentar la violencia y delincuencia, mientras que el gobierno debe de fijar su atenci\u00f3n en uno de los puntos rojos con mayor \u00edndice delincuencial en el municipio.<\/p>\n<p class=\"p3\">En el mismo sentido, el presidente municipal, Ricardo N\u00fa\u00f1ez Ayala, destac\u00f3 la participaci\u00f3n de la ciudadan\u00eda que estuvo muy atenta a los planteamientos de sus vecinos y se qued\u00f3 para poder obtener informaci\u00f3n de las diferentes direcciones del Ayuntamiento que una vez m\u00e1s estuvieron presentes para ofrecer los servicios de cada \u00e1rea de la administraci\u00f3n municipal.<\/p>\n<p class=\"p3\">Tambi\u00e9n dijo que \u201clas quebradas\u201d es un tema que es prioritario, en el que trabajar\u00e1n de manera transversal, con actividades que no sean pasajeras, sino permanentes y de la mano de la ciudadan\u00eda.<\/p>\n<p class=\"p3\">El alcalde anunci\u00f3 que pr\u00f3ximamente se realizar\u00e1n los trabajos de drenaje interno y la impermeabilizaci\u00f3n del techo del Mercado Municipal.<\/p>\n<p class=\"p3\">Mientras que en respuesta de la mala calidad que presentan las diferentes calles del fraccionamiento, N\u00fa\u00f1ez Ayala, inform\u00f3 que junto al Gobieno Estatal ejecutar\u00e1n un programa de atenci\u00f3n a la pavimentaci\u00f3n, en la que las autoridades estatales se ocupar\u00e1n de la pavimentaci\u00f3n de entradas y salidas a la autopista y v\u00edas principales, mientras que el Gobierno Municipal se encargar\u00e1 de las vialidades internas.<\/p>\n<p class=\"p3\">Por \u00faltimo, coment\u00f3 que actualmente hay siete c\u00e1maras en el fraccionamiento, pero que pronto se duplicar\u00e1n con el objetivo, junto con las luminarias, de propiciar un lugar m\u00e1s seguro en el municipio.<\/p>\n","protected":false},"excerpt":{"rendered":"<div class=\"mh-excerpt\"><p>En cumplimiento de la ley y con la finalidad de estar m\u00e1s cerca de la <a class=\"mh-excerpt-more\" href=\"https:\/\/foro1025.mx\/?p=7578\" title=\"Cabildo Abierto en la Quebrada fortalece relaci\u00f3n gobierno &#8211; ciudadan\u00eda\">&#8230;<\/a><\/p>\n<\/div>","protected":false},"author":1,"featured_media":0,"comment_status":"closed","ping_status":"closed","sticky":false,"template":"","format":"standard","meta":{"footnotes":""},"categories":[29],"tags":[],"class_list":{"0":"post-7578","1":"post","2":"type-post","3":"status-publish","4":"format-standard","6":"category-cuautitlan-izcalli"},"_links":{"self":[{"href":"https:\/\/foro1025.mx\/index.php?rest_route=\/wp\/v2\/posts\/7578","targetHints":{"allow":["GET"]}}],"collection":[{"href":"https:\/\/foro1025.mx\/index.php?rest_route=\/wp\/v2\/posts"}],"about":[{"href":"https:\/\/foro1025.mx\/index.php?rest_route=\/wp\/v2\/types\/post"}],"author":[{"embeddable":true,"href":"https:\/\/foro1025.mx\/index.php?rest_route=\/wp\/v2\/users\/1"}],"replies":[{"embeddable":true,"href":"https:\/\/foro1025.mx\/index.php?rest_route=%2Fwp%2Fv2%2Fcomments&post=7578"}],"version-history":[{"count":3,"href":"https:\/\/foro1025.mx\/index.php?rest_route=\/wp\/v2\/posts\/7578\/revisions"}],"predecessor-version":[{"id":7582,"href":"https:\/\/foro1025.mx\/index.php?rest_route=\/wp\/v2\/posts\/7578\/revisions\/7582"}],"wp:attachment":[{"href":"https:\/\/foro1025.mx\/index.php?rest_route=%2Fwp%2Fv2%2Fmedia&parent=7578"}],"wp:term":[{"taxonomy":"category","embeddable":true,"href":"https:\/\/foro1025.mx\/index.php?rest_route=%2Fwp%2Fv2%2Fcategories&post=7578"},{"taxonomy":"post_tag","embeddable":true,"href":"https:\/\/foro1025.mx\/index.php?rest_route=%2Fwp%2Fv2%2Ftags&post=7578"}],"curies":[{"name":"wp","href":"https:\/\/api.w.org\/{rel}","templated":true}]}}