{"id":7841,"date":"2019-09-30T16:14:06","date_gmt":"2019-09-30T21:14:06","guid":{"rendered":"https:\/\/foro1025.mx\/?p=7841"},"modified":"2019-09-30T16:14:06","modified_gmt":"2019-09-30T21:14:06","slug":"recuerda-gobierno-del-edomex-al-generalisimo-jose-maria-morelos-en-su-natalicio","status":"publish","type":"post","link":"https:\/\/foro1025.mx\/?p=7841","title":{"rendered":"Recuerda gobierno del Edom\u00e9x al general\u00edsimo Jos\u00e9 Mar\u00eda Morelos en su Natalicio"},"content":{"rendered":"<p class=\"p4\"><i>\u2022 Encabeza Secretaria de Cultura, Marcela Gonz\u00e1lez Salas, Ceremonia Conmemorativa por el CCLV Aniversario del Natalicio del General\u00edsimo Don Jos\u00e9 Mar\u00eda Morelos y Pav\u00f3n.<\/i><\/p>\n<p class=\"p4\"><i>\u2022 Desarrollan ceremonia en Ecatepec, lugar del fusilamiento del General insurgente.<\/i><\/p>\n<p class=\"p4\">En el Estado de M\u00e9xico valoramos y honramos a los h\u00e9roes que nos dieran patria, por este motivo se realiz\u00f3 la Ceremonia Conmemorativa por el CCLV Aniversario del Natalicio del General\u00edsimo Jos\u00e9 Mar\u00eda Morelos y Pav\u00f3n, en este municipio, y as\u00ed mantener vigente el legado del Siervo de la Naci\u00f3n, para que las nuevas generaciones conozcan su historia.<\/p>\n<p class=\"p4\">Con la representaci\u00f3n del Gobernador Alfredo Del Mazo Maza, la Secretaria de Cultura, Marcela Gonz\u00e1lez Salas, asegur\u00f3 que el General\u00edsimo \u201ccapell\u00e1n de alzados, hab\u00eda pedido \u2018licencia de altar port\u00e1til\u2019, pero pronto se dio cuenta de que el oficio que la historia le exig\u00eda era m\u00e1s humano que divino y se transform\u00f3 en revolucionario\u201d.<\/p>\n<p class=\"p4\">Agreg\u00f3 que Morelos, en los \u201cSentimientos de la Naci\u00f3n\u201d, nos dice que no hay otra nobleza que la virtud, el saber, el patriotismo y la caridad, que se eduque a los hijos del labrador como a los de rico hacendado. Morelos, en los momentos m\u00e1s oscuros de la patria, siempre convoc\u00f3 a la unidad de los mexicanos para consolidar una nueva naci\u00f3n.<\/p>\n<p class=\"p4\">\u201cBajo este precepto, en el Estado de M\u00e9xico, las y los mexiquenses, el Gobernador Alfredo Del Mazo y las instituciones sumamos voluntades, por eso se hacen grandes esfuerzos para construir infraestructura para el progreso, el desarrollo y el bienestar social\u201d, expres\u00f3.<\/p>\n<p class=\"p4\">A trav\u00e9s del fomento y difusi\u00f3n de la cultura y el deporte, afirm\u00f3 la Secretaria, \u201ctrabajamos para mantener la tranquilidad y la paz social, que son aliados esenciales de la libertad, esa libertad que es la flor de la independencia que plant\u00f3 Morelos en el alma permanente de los sentimientos de la naci\u00f3n\u201d.<\/p>\n","protected":false},"excerpt":{"rendered":"<div class=\"mh-excerpt\"><p>\u2022 Encabeza Secretaria de Cultura, Marcela Gonz\u00e1lez Salas, Ceremonia Conmemorativa por el CCLV Aniversario del <a class=\"mh-excerpt-more\" href=\"https:\/\/foro1025.mx\/?p=7841\" title=\"Recuerda gobierno del Edom\u00e9x al general\u00edsimo Jos\u00e9 Mar\u00eda Morelos en su Natalicio\">&#8230;<\/a><\/p>\n<\/div>","protected":false},"author":1,"featured_media":0,"comment_status":"closed","ping_status":"closed","sticky":false,"template":"","format":"standard","meta":{"footnotes":""},"categories":[11],"tags":[],"class_list":{"0":"post-7841","1":"post","2":"type-post","3":"status-publish","4":"format-standard","6":"category-ecatepec"},"_links":{"self":[{"href":"https:\/\/foro1025.mx\/index.php?rest_route=\/wp\/v2\/posts\/7841","targetHints":{"allow":["GET"]}}],"collection":[{"href":"https:\/\/foro1025.mx\/index.php?rest_route=\/wp\/v2\/posts"}],"about":[{"href":"https:\/\/foro1025.mx\/index.php?rest_route=\/wp\/v2\/types\/post"}],"author":[{"embeddable":true,"href":"https:\/\/foro1025.mx\/index.php?rest_route=\/wp\/v2\/users\/1"}],"replies":[{"embeddable":true,"href":"https:\/\/foro1025.mx\/index.php?rest_route=%2Fwp%2Fv2%2Fcomments&post=7841"}],"version-history":[{"count":1,"href":"https:\/\/foro1025.mx\/index.php?rest_route=\/wp\/v2\/posts\/7841\/revisions"}],"predecessor-version":[{"id":7843,"href":"https:\/\/foro1025.mx\/index.php?rest_route=\/wp\/v2\/posts\/7841\/revisions\/7843"}],"wp:attachment":[{"href":"https:\/\/foro1025.mx\/index.php?rest_route=%2Fwp%2Fv2%2Fmedia&parent=7841"}],"wp:term":[{"taxonomy":"category","embeddable":true,"href":"https:\/\/foro1025.mx\/index.php?rest_route=%2Fwp%2Fv2%2Fcategories&post=7841"},{"taxonomy":"post_tag","embeddable":true,"href":"https:\/\/foro1025.mx\/index.php?rest_route=%2Fwp%2Fv2%2Ftags&post=7841"}],"curies":[{"name":"wp","href":"https:\/\/api.w.org\/{rel}","templated":true}]}}