{"id":7863,"date":"2019-10-01T22:31:32","date_gmt":"2019-10-02T03:31:32","guid":{"rendered":"https:\/\/foro1025.mx\/?p=7863"},"modified":"2019-10-01T22:31:32","modified_gmt":"2019-10-02T03:31:32","slug":"darwin-eslava-puso-en-marcha-la-construccion-de-bardas-en-escuelas","status":"publish","type":"post","link":"https:\/\/foro1025.mx\/?p=7863","title":{"rendered":"Darwin Eslava puso en marcha la construcci\u00f3n de bardas en escuelas"},"content":{"rendered":"<ul>\n<li><i>Como parte del programa \u201cEspacios Educativos Dignos\u201d, tres escuelas ser\u00e1n favorecidas con estos trabajos<\/i><\/li>\n<\/ul>\n<ul class=\"ul1\">\n<li class=\"li6\"><i>Se invertir\u00e1n alrededor de seis millones de pesos en 21 instituciones de nivel b\u00e1sico<\/i><\/li>\n<\/ul>\n<p class=\"p8\"><b>C<\/b>omo parte del programa \u201cEspacios Educativos Dignos\u201d en el que se invertir\u00e1n alrededor de seis millones de pesos, el Alcalde Darwin Eslava puso en marcha los trabajos de construcci\u00f3n de bardas perimetrales en tres instituciones educativas.<\/p>\n<p class=\"p8\">Al visitar el Jard\u00edn de Ni\u00f1os \u201cFrida Kahlo\u201d, el Presidente Municipal record\u00f3 que este programa atender\u00e1 21 planteles escolares de educaci\u00f3n b\u00e1sica, con el objetivo de brindar mejores condiciones de estudio a los alumnos coacalquenses.<\/p>\n<p class=\"p8\">\u201cHoy refrendamos nuestro compromiso con la comunidad estudiantil porque sabemos que los pr\u00f3ximos retos s\u00f3lo los podremos enfrentar con una ni\u00f1ez y juventud preparadas\u201d, afirm\u00f3 el Edil.<\/p>\n<p class=\"p8\">Puntualiz\u00f3 que la construcci\u00f3n de las bardas perimetrales en los jard\u00edn de ni\u00f1os \u201cFrida Kahlo\u201d e \u201cIgnacio Zaragoza\u201d, as\u00ed como de la primaria \u201cJos\u00e9 Mar\u00eda Morelos y Pav\u00f3n\u201d, es muestra del inter\u00e9s que la administraci\u00f3n 2019-2021 tiene de trabajar en cercan\u00eda con la poblaci\u00f3n para atender sus peticiones.<\/p>\n<p class=\"p8\">Darwin Eslava record\u00f3 que como parte de \u201cEspacios educativos dignos\u201d, ocho escuelas de nivel b\u00e1sico ser\u00e1n favorecidas con el mantenimiento o remodelaci\u00f3n de sus sanitarios, se construir\u00e1n tres arcotechos y siete planteles recibir\u00e1n trabajos de impermeabilizaci\u00f3n y pintura de aulas.<\/p>\n<p class=\"p8\">Sobre los trabajos que se realizar\u00e1n en este jard\u00edn de ni\u00f1os, la Direcci\u00f3n de Obras P\u00fablicas detall\u00f3 que se construir\u00e1 una barda a base de concreto armado de 89 metros lineales, un muro de tabic\u00f3n ligero de 156 metros cuadrados y la reparaci\u00f3n de fisuras existentes y aplanados.<\/p>\n<p class=\"p8\">En tanto, la directora del Jard\u00edn de Ni\u00f1os \u201cFrida Kahlo\u201d, Georgina L\u00f3pez, agradeci\u00f3 al Presidente Municipal la atenci\u00f3n recibida y que esta instituci\u00f3n haya sido favorecida con la construcci\u00f3n de su barda.<\/p>\n<p class=\"p8\">\u201cEste tipo de acciones engrandece y apoya la excelencia educativa\u201d, asegur\u00f3.<\/p>\n<p class=\"p8\">En representaci\u00f3n de los padres de familia, Irma Mart\u00ednez, reconoci\u00f3 la voluntad del Alcalde Darwin Eslava para dar respuesta positiva a su petici\u00f3n y atender este plantel que fue da\u00f1ado con el sismo de 20017.<\/p>\n<p class=\"p8\">En este evento acompa\u00f1aron al Presidente Municipal, autoridades educativas y municipales, quienes atendieron las inquietudes de la ciudadan\u00eda que acudi\u00f3 a atestiguar el inicio de obras.<b><\/b><\/p>\n","protected":false},"excerpt":{"rendered":"<div class=\"mh-excerpt\"><p>Como parte del programa \u201cEspacios Educativos Dignos\u201d, tres escuelas ser\u00e1n favorecidas con estos trabajos Se <a class=\"mh-excerpt-more\" href=\"https:\/\/foro1025.mx\/?p=7863\" title=\"Darwin Eslava puso en marcha la construcci\u00f3n de bardas en escuelas\">&#8230;<\/a><\/p>\n<\/div>","protected":false},"author":1,"featured_media":0,"comment_status":"closed","ping_status":"closed","sticky":false,"template":"","format":"standard","meta":{"footnotes":""},"categories":[7],"tags":[],"class_list":{"0":"post-7863","1":"post","2":"type-post","3":"status-publish","4":"format-standard","6":"category-coacalco"},"_links":{"self":[{"href":"https:\/\/foro1025.mx\/index.php?rest_route=\/wp\/v2\/posts\/7863","targetHints":{"allow":["GET"]}}],"collection":[{"href":"https:\/\/foro1025.mx\/index.php?rest_route=\/wp\/v2\/posts"}],"about":[{"href":"https:\/\/foro1025.mx\/index.php?rest_route=\/wp\/v2\/types\/post"}],"author":[{"embeddable":true,"href":"https:\/\/foro1025.mx\/index.php?rest_route=\/wp\/v2\/users\/1"}],"replies":[{"embeddable":true,"href":"https:\/\/foro1025.mx\/index.php?rest_route=%2Fwp%2Fv2%2Fcomments&post=7863"}],"version-history":[{"count":1,"href":"https:\/\/foro1025.mx\/index.php?rest_route=\/wp\/v2\/posts\/7863\/revisions"}],"predecessor-version":[{"id":7865,"href":"https:\/\/foro1025.mx\/index.php?rest_route=\/wp\/v2\/posts\/7863\/revisions\/7865"}],"wp:attachment":[{"href":"https:\/\/foro1025.mx\/index.php?rest_route=%2Fwp%2Fv2%2Fmedia&parent=7863"}],"wp:term":[{"taxonomy":"category","embeddable":true,"href":"https:\/\/foro1025.mx\/index.php?rest_route=%2Fwp%2Fv2%2Fcategories&post=7863"},{"taxonomy":"post_tag","embeddable":true,"href":"https:\/\/foro1025.mx\/index.php?rest_route=%2Fwp%2Fv2%2Ftags&post=7863"}],"curies":[{"name":"wp","href":"https:\/\/api.w.org\/{rel}","templated":true}]}}