{"id":7871,"date":"2019-10-01T22:37:11","date_gmt":"2019-10-02T03:37:11","guid":{"rendered":"https:\/\/foro1025.mx\/?p=7871"},"modified":"2019-10-01T22:37:11","modified_gmt":"2019-10-02T03:37:11","slug":"compite-daniela-velasco-en-el-mundial-de-para-atletismo-de-dubai","status":"publish","type":"post","link":"https:\/\/foro1025.mx\/?p=7871","title":{"rendered":"Compite Daniela Velasco en el Mundial de Para-atletismo de Dub\u00e1i"},"content":{"rendered":"<p class=\"p5\"><i>\u2022 Busca atleta dar marca para asistir a los Juegos Paral\u00edmpicos de Tokio 2020.<\/i><\/p>\n<p class=\"p5\"><i>\u2022 Dice sentirse honrada de ocupar un sitio en el Museo del Deporte Edom\u00e9x.<\/i><\/p>\n<p class=\"p5\">Con el objetivo de obtener su lugar para participar en los Juegos Paral\u00edmpicos de Tokio 2020, la velocista del Estado de M\u00e9xico Daniela Velasco Maldonado participar\u00e1 en el Campeonato Mundial de Para-atletismo de Dub\u00e1i, del 7 al 15 de noviembre de 2019.<\/p>\n<p class=\"p5\">Daniela, quien tiene como gu\u00eda al tambi\u00e9n mexiquense C\u00e9sar Belman, detall\u00f3 que la intenci\u00f3n es tener el puesto asegurado en la prueba de los mil 500 metros T13 desde este a\u00f1o, para plantear bien el ciclo de cara a la justa veraniega.<\/p>\n<p class=\"p5\">\u201cSer\u00eda ah\u00ed donde buscar\u00edamos el pase directo para Tokio, que lo lograr\u00edamos quedando dentro de los primeros cuatro lugares del mundo y enfocarnos a hacer el ciclo desde abajo, para ir subiendo y llegar lo mejor posible\u201d, afirm\u00f3.<\/p>\n<p class=\"p5\">En otro orden de ideas, la atleta se dijo satisfecha luego de obtener la medalla de oro en la prueba de mil 500 metros, clasificaci\u00f3n T12-13, en los Juegos Parapanamericanos de Lima 2019.<\/p>\n<p class=\"p5\">\u201cLa verdad fue una competencia s\u00faper emocionante, iba a tratar de pelear por el oro, sab\u00eda que estar\u00eda dif\u00edcil ganarlo, pero al final de cuentas lo logramos y fue s\u00faper bonito.<\/p>\n<p class=\"p5\">\u201cAntes de empezar a correr me sent\u00eda muy nerviosa, emocionada, pero los nervios de siempre, de querer dar lo mejor de m\u00ed para representar al pa\u00eds y al Estado de M\u00e9xico, a toda la gente, lo mejor posible. Por un momento pens\u00e9 que iba a quedar plata, pero al final mi gu\u00eda me dijo \u201ctienes que cerrar\u201d y en los \u00faltimos 40 metros nos adue\u00f1amos de la medalla de oro y me emocion\u00e9 mucho\u201d, se\u00f1al\u00f3 la corredora.<\/p>\n<p class=\"p5\">Daniela, quien entrena bajo las \u00f3rdenes de Fabricio Chamor, se\u00f1al\u00f3 que para alcanzar esta medalla continental el trabajo fue arduo.<\/p>\n<p class=\"p5\">\u201cAntes corr\u00eda 400 y tuve que hacer esta transici\u00f3n al medio fondo, pero la velocidad me ayud\u00f3 mucho para tener cierres y llevamos un entrenamiento fuerte, entrenamos seis d\u00edas a la semana, descansamos el domingo y, a veces, hacemos sesiones de gimnasio\u201d.<\/p>\n<p class=\"p5\">Finalmente, y luego de visitar el Museo del Deporte Edom\u00e9x, la medallista paral\u00edmpica puntualiz\u00f3: \u201cMi entrenador me lo describi\u00f3, que estaba una fotograf\u00eda m\u00eda, me lo ense\u00f1\u00f3 y es s\u00faper padre, m\u00e1s que nada que me consideren como una deportista del Estado de M\u00e9xico, todo est\u00e1 s\u00faper bonito y es un honor poder representar a mi estado\u201d.<\/p>\n","protected":false},"excerpt":{"rendered":"<div class=\"mh-excerpt\"><p>\u2022 Busca atleta dar marca para asistir a los Juegos Paral\u00edmpicos de Tokio 2020. \u2022 <a class=\"mh-excerpt-more\" href=\"https:\/\/foro1025.mx\/?p=7871\" title=\"Compite Daniela Velasco en el Mundial de Para-atletismo de Dub\u00e1i\">&#8230;<\/a><\/p>\n<\/div>","protected":false},"author":1,"featured_media":0,"comment_status":"closed","ping_status":"closed","sticky":false,"template":"","format":"standard","meta":{"footnotes":""},"categories":[36],"tags":[],"class_list":{"0":"post-7871","1":"post","2":"type-post","3":"status-publish","4":"format-standard","6":"category-deportes"},"_links":{"self":[{"href":"https:\/\/foro1025.mx\/index.php?rest_route=\/wp\/v2\/posts\/7871","targetHints":{"allow":["GET"]}}],"collection":[{"href":"https:\/\/foro1025.mx\/index.php?rest_route=\/wp\/v2\/posts"}],"about":[{"href":"https:\/\/foro1025.mx\/index.php?rest_route=\/wp\/v2\/types\/post"}],"author":[{"embeddable":true,"href":"https:\/\/foro1025.mx\/index.php?rest_route=\/wp\/v2\/users\/1"}],"replies":[{"embeddable":true,"href":"https:\/\/foro1025.mx\/index.php?rest_route=%2Fwp%2Fv2%2Fcomments&post=7871"}],"version-history":[{"count":1,"href":"https:\/\/foro1025.mx\/index.php?rest_route=\/wp\/v2\/posts\/7871\/revisions"}],"predecessor-version":[{"id":7873,"href":"https:\/\/foro1025.mx\/index.php?rest_route=\/wp\/v2\/posts\/7871\/revisions\/7873"}],"wp:attachment":[{"href":"https:\/\/foro1025.mx\/index.php?rest_route=%2Fwp%2Fv2%2Fmedia&parent=7871"}],"wp:term":[{"taxonomy":"category","embeddable":true,"href":"https:\/\/foro1025.mx\/index.php?rest_route=%2Fwp%2Fv2%2Fcategories&post=7871"},{"taxonomy":"post_tag","embeddable":true,"href":"https:\/\/foro1025.mx\/index.php?rest_route=%2Fwp%2Fv2%2Ftags&post=7871"}],"curies":[{"name":"wp","href":"https:\/\/api.w.org\/{rel}","templated":true}]}}