{"id":7892,"date":"2019-10-02T08:57:46","date_gmt":"2019-10-02T13:57:46","guid":{"rendered":"https:\/\/foro1025.mx\/?p=7892"},"modified":"2019-10-03T09:48:45","modified_gmt":"2019-10-03T14:48:45","slug":"presenta-naucalpan-estrategia-para-combatir-violencia-de-genero","status":"publish","type":"post","link":"https:\/\/foro1025.mx\/?p=7892","title":{"rendered":"Presenta Naucalpan estrategia para combatir violencia de g\u00e9nero"},"content":{"rendered":"<p>El Gobierno de Naucalpan present\u00f3 una estrategia para combatir la violencia de g\u00e9nero en la demarcaci\u00f3n.<br \/>\nCon la presentaci\u00f3n de esta iniciativa, Naucalpan se convierte en el primer municipio a nivel nacional en tomar acciones concretas para reducir los \u00edndices de violencia de g\u00e9nero.<br \/>\nLa estrategia, implementada a trav\u00e9s del Sistema Municipal para la Igualdad de Trato y Oportunidades entre Mujeres y Hombres para Prevenir, Atender, Sancionar y Erradicar la Violencia de G\u00e9nero contra las Mujeres, empata con los objetivos establecidos en la Agenda 2030 para el Desarrollo Sostenible. Asimismo, es reconocida y autorizada por la Comisi\u00f3n Nacional para Prevenir y Erradicar la Violencia contra las Mujeres (Conavim).<br \/>\nDurante la primera fase, el proyecto contempla 39 acciones que las diversas Secretar\u00edas que conforman el Ayuntamiento deber\u00e1n implementar durante los pr\u00f3ximos seis meses. Se estima que para diciembre de este a\u00f1o, el Sistema Municipal cuente con un avance del 80 por ciento en la aplicaci\u00f3n del programa.<br \/>\nAl respecto, la Presidenta Municipal, Patricia Dur\u00e1n Reveles, inst\u00f3 a las dependencias a trabajar en conjunto para garantizar el respeto de los derechos humanos e integridad de las mujeres.<br \/>\n\u201cNaucalpan es uno de los municipios declarados con alerta de g\u00e9nero desde 2015, pero las alertas no son permanentes, desde el 1 de enero estamos trabajando en diversos programas para traducir esa alerta en seguridad para las naucalpenses.<br \/>\n\u201cEl trabajo coordinado da como resultado este mecanismo de acci\u00f3n, \u00fanico en su naturaleza en el pa\u00eds\u201d, coment\u00f3.<br \/>\nLa estrategia municipal para mitigar la alerta de g\u00e9nero se suma a las acciones emprendidas en la demarcaci\u00f3n para erradicar la violencia de g\u00e9nero, como la Iniciativa Spotlight, impulsada por la ONU y la Uni\u00f3n Europea.<\/p>\n","protected":false},"excerpt":{"rendered":"<div class=\"mh-excerpt\"><p>El Gobierno de Naucalpan present\u00f3 una estrategia para combatir la violencia de g\u00e9nero en la <a class=\"mh-excerpt-more\" href=\"https:\/\/foro1025.mx\/?p=7892\" title=\"Presenta Naucalpan estrategia para combatir violencia de g\u00e9nero\">&#8230;<\/a><\/p>\n<\/div>","protected":false},"author":1,"featured_media":0,"comment_status":"closed","ping_status":"closed","sticky":false,"template":"","format":"standard","meta":{"footnotes":""},"categories":[8],"tags":[],"class_list":{"0":"post-7892","1":"post","2":"type-post","3":"status-publish","4":"format-standard","6":"category-naucalpan"},"_links":{"self":[{"href":"https:\/\/foro1025.mx\/index.php?rest_route=\/wp\/v2\/posts\/7892","targetHints":{"allow":["GET"]}}],"collection":[{"href":"https:\/\/foro1025.mx\/index.php?rest_route=\/wp\/v2\/posts"}],"about":[{"href":"https:\/\/foro1025.mx\/index.php?rest_route=\/wp\/v2\/types\/post"}],"author":[{"embeddable":true,"href":"https:\/\/foro1025.mx\/index.php?rest_route=\/wp\/v2\/users\/1"}],"replies":[{"embeddable":true,"href":"https:\/\/foro1025.mx\/index.php?rest_route=%2Fwp%2Fv2%2Fcomments&post=7892"}],"version-history":[{"count":1,"href":"https:\/\/foro1025.mx\/index.php?rest_route=\/wp\/v2\/posts\/7892\/revisions"}],"predecessor-version":[{"id":7895,"href":"https:\/\/foro1025.mx\/index.php?rest_route=\/wp\/v2\/posts\/7892\/revisions\/7895"}],"wp:attachment":[{"href":"https:\/\/foro1025.mx\/index.php?rest_route=%2Fwp%2Fv2%2Fmedia&parent=7892"}],"wp:term":[{"taxonomy":"category","embeddable":true,"href":"https:\/\/foro1025.mx\/index.php?rest_route=%2Fwp%2Fv2%2Fcategories&post=7892"},{"taxonomy":"post_tag","embeddable":true,"href":"https:\/\/foro1025.mx\/index.php?rest_route=%2Fwp%2Fv2%2Ftags&post=7892"}],"curies":[{"name":"wp","href":"https:\/\/api.w.org\/{rel}","templated":true}]}}