{"id":7896,"date":"2019-10-02T09:49:11","date_gmt":"2019-10-02T14:49:11","guid":{"rendered":"https:\/\/foro1025.mx\/?p=7896"},"modified":"2019-10-03T09:55:56","modified_gmt":"2019-10-03T14:55:56","slug":"rememora-tlalnepantla-por-primera-vez-movimiento-estudiantil-de-1968","status":"publish","type":"post","link":"https:\/\/foro1025.mx\/?p=7896","title":{"rendered":"Rememora Tlalnepantla por primera vez  \u00a0Movimiento Estudiantil de 1968"},"content":{"rendered":"<p>Con un acto solemne que contempl\u00f3 el izamiento de la bandera a media asta y un minuto de silencio, el Gobierno de Tlalnepantla, que encabeza el Presidente Municipal, Raciel P\u00e9rez Cruz, rememor\u00f3 por primera vez en la historia de la demarcaci\u00f3n, el Movimiento Estudiantil de 1968, en desagravio de la matanza de j\u00f3venes en la Plaza de las Tres Culturas, en Tlatelolco, el 2 de octubre de ese a\u00f1o.<\/p>\n<p>El profesor del Colegio de Ciencias y Humanidades (CCH) Oriente, Ismael Antonio Colmenares Maguregui, quien particip\u00f3 activamente en el movimiento estudiantil, destac\u00f3 su importancia, ya que despu\u00e9s de 51 a\u00f1os se sigue recordando como un hecho que marc\u00f3 la historia de M\u00e9xico.<\/p>\n<p>Manifest\u00f3 que en ese entonces, los j\u00f3venes no pod\u00edan salir a la calle con libertad, ya que en cualquier momento podr\u00eda salir un granadero para agredirlos, por lo que los estudiantes de la Universidad Nacional Aut\u00f3noma de M\u00e9xico y el Instituto Polit\u00e9cnico Nacional se unieron para exigir sus derechos; posteriormente se adhiri\u00f3 la Universidad Chapingo y algunas escuelas particulares, para formar el Consejo Nacional de Huelga, con 140 integrantes.<\/p>\n<p>Indic\u00f3 que los estudiantes buscaban que fueran eliminados los art\u00edculos 145 y 145 Bis del C\u00f3digo Penal Federal, que se refer\u00edan al delito de disoluci\u00f3n social y serv\u00eda para acusar a los estudiantes que se reunieran en un n\u00famero mayor de cinco personas, de conspirar contra el gobierno; adem\u00e1s ped\u00edan la liberaci\u00f3n de los presos pol\u00edticos, entre otras demandas.<\/p>\n<p>Se\u00f1al\u00f3 que el entonces Presidente de la Rep\u00fablica, Gustavo D\u00edaz Ordaz, manifest\u00f3 que los estudiantes eran \u201cestridentes y escandalosos, por lo que m\u00e1s de 300 mil personas realizaron la marcha del silencio, nadie habl\u00f3, s\u00f3lo llev\u00e1bamos nuestras pancartas con las demandas, y ellos sintieron que est\u00e1bamos cambiando al pa\u00eds\u201d.<\/p>\n<p>Colmenares Maguregui expres\u00f3 que \u201cel 18 de septiembre el gobierno dijo que habr\u00eda un di\u00e1logo con los estudiantes, nos mandaron a los militares, hubo m\u00e1s presos pol\u00edticos y el 30 de septiembre se entregan las instalaciones de la UNAM y del Polit\u00e9cnico, se vuelve a proponer otro di\u00e1logo\u201d.<\/p>\n<p>Detall\u00f3 que el 2 de octubre hubo una manifestaci\u00f3n pac\u00edfica, familias acompa\u00f1aron a sus hijos, y las 6:14 de la tarde, \u201cuna luz de bengala cruz\u00f3 el cielo y empez\u00f3 a caer el plomo por todos lados, creando un c\u00edrculo para que nadie pudiera salir del lugar, ah\u00ed estuvo el crimen, murieron m\u00e1s de 300 personas, el gobierno us\u00f3 al ej\u00e9rcito para acabar con este movimiento\u201d.<\/p>\n<p>El Diputado Local, Max Agust\u00edn Correa Hern\u00e1ndez, hizo un reconocimiento a toda esa generaci\u00f3n de mujeres y hombres que fueron part\u00edcipes de este movimiento, que enfrentaron con valent\u00eda la rudeza con la que fueron violentados en la Plaza de las Tres Culturas.<\/p>\n<p>Afirm\u00f3 que hoy en d\u00eda, en Tlalnepantla soplan aires de libertad y debe ejercerse con responsabilidad, sin borrar de la memoria a esos j\u00f3venes para que no se repita esta situaci\u00f3n, ya que despu\u00e9s de 50 a\u00f1os, en el 2018, los j\u00f3venes volvieron a impulsar un cambio con su voto.<\/p>\n<p>Asistieron a este evento, el Diputado del Distrito XVI, Emilio Manzanilla T\u00e9llez, integrantes del Cuerpo Edilicio, Directores y Titulares de la Administraci\u00f3n y alumnos de las Escuela Secundaria T\u00e9cnica Industrial y Comercial N\u00famero 37 \u201cProfesora Antonia Franco de Lara\u201d.<\/p>\n<p><strong>\u00a0<\/strong><\/p>\n","protected":false},"excerpt":{"rendered":"<div class=\"mh-excerpt\"><p>Con un acto solemne que contempl\u00f3 el izamiento de la bandera a media asta y <a class=\"mh-excerpt-more\" href=\"https:\/\/foro1025.mx\/?p=7896\" title=\"Rememora Tlalnepantla por primera vez  \u00a0Movimiento Estudiantil de 1968\">&#8230;<\/a><\/p>\n<\/div>","protected":false},"author":1,"featured_media":0,"comment_status":"closed","ping_status":"closed","sticky":false,"template":"","format":"standard","meta":{"footnotes":""},"categories":[16],"tags":[],"class_list":{"0":"post-7896","1":"post","2":"type-post","3":"status-publish","4":"format-standard","6":"category-tlalnepantla"},"_links":{"self":[{"href":"https:\/\/foro1025.mx\/index.php?rest_route=\/wp\/v2\/posts\/7896","targetHints":{"allow":["GET"]}}],"collection":[{"href":"https:\/\/foro1025.mx\/index.php?rest_route=\/wp\/v2\/posts"}],"about":[{"href":"https:\/\/foro1025.mx\/index.php?rest_route=\/wp\/v2\/types\/post"}],"author":[{"embeddable":true,"href":"https:\/\/foro1025.mx\/index.php?rest_route=\/wp\/v2\/users\/1"}],"replies":[{"embeddable":true,"href":"https:\/\/foro1025.mx\/index.php?rest_route=%2Fwp%2Fv2%2Fcomments&post=7896"}],"version-history":[{"count":1,"href":"https:\/\/foro1025.mx\/index.php?rest_route=\/wp\/v2\/posts\/7896\/revisions"}],"predecessor-version":[{"id":7898,"href":"https:\/\/foro1025.mx\/index.php?rest_route=\/wp\/v2\/posts\/7896\/revisions\/7898"}],"wp:attachment":[{"href":"https:\/\/foro1025.mx\/index.php?rest_route=%2Fwp%2Fv2%2Fmedia&parent=7896"}],"wp:term":[{"taxonomy":"category","embeddable":true,"href":"https:\/\/foro1025.mx\/index.php?rest_route=%2Fwp%2Fv2%2Fcategories&post=7896"},{"taxonomy":"post_tag","embeddable":true,"href":"https:\/\/foro1025.mx\/index.php?rest_route=%2Fwp%2Fv2%2Ftags&post=7896"}],"curies":[{"name":"wp","href":"https:\/\/api.w.org\/{rel}","templated":true}]}}