{"id":7899,"date":"2019-10-02T09:56:20","date_gmt":"2019-10-02T14:56:20","guid":{"rendered":"https:\/\/foro1025.mx\/?p=7899"},"modified":"2019-10-03T10:01:22","modified_gmt":"2019-10-03T15:01:22","slug":"realiza-gobierno-de-coacalco-2da-edicion-de-la-feria-internacional-de-la-lectura","status":"publish","type":"post","link":"https:\/\/foro1025.mx\/?p=7899","title":{"rendered":"Realiza gobierno de Coacalco 2da edici\u00f3n de la Feria Internacional de la Lectura"},"content":{"rendered":"<p>&nbsp;<\/p>\n<ul>\n<li><em>Cerca de 10 editoriales ofrecen miles de t\u00edtulos a precios accesibles en la Universidad Lucerna<\/em><\/li>\n<li><em>Se tiene proyectado el acondicionamiento de jardines de la lectura, donde la ciudadan\u00eda podr\u00e1 leer en un ambiente de tranquilidad<\/em><\/li>\n<\/ul>\n<p>&nbsp;<\/p>\n<p>Para fomentar el h\u00e1bito de la lectura en la poblaci\u00f3n, el Alcalde Darwin Eslava inaugur\u00f3 la segunda edici\u00f3n de la Feria Internacional de la Lectura Coacalco 2019 (FILEC), en la que distintas editoriales ofrecen una gran variedad de t\u00edtulos a precios accesibles.<\/p>\n<p>Al asegurar que leer es el camino para la creatividad, la imaginaci\u00f3n y los sue\u00f1os, el Presidente Municipal invit\u00f3 a la ciudadan\u00eda a que visiten esta feria que estar\u00e1 abierta hasta el viernes 4 de octubre en la Universidad Lucerna, en un horario de 9:00 a 18:00 horas.<\/p>\n<p>\u201cLos libros son un mar de conocimiento y la herramienta m\u00e1s importante que podemos desarrollar para nuestro crecimiento profesional y humano, de ah\u00ed la importancia de adquirir el h\u00e1bito de la lectura\u201d, puntualiz\u00f3.<\/p>\n<p>Asegur\u00f3 que la presente administraci\u00f3n trabaja para generar los espacios en los que se pueda fomentar el gusto por la lectura entre toda la poblaci\u00f3n.<\/p>\n<p>\u201cLos exhorto a que recurramos a los libros, busquemos en ellos armas de defensa a nuestro alcance\u201d, agreg\u00f3 el Alcalde al anunciar que la FILEC se continuar\u00e1 realizando, de manera permanente, en distintas universidades de la localidad.<\/p>\n<p>La Direcci\u00f3n de Cultura, Turismo y Artes inform\u00f3 \u00a0\u00a0\u00a0 que entre las acciones previstas para consolidar a Coacalco como un municipio donde se lee, se contempla el acondicionamiento de jardines de la lectura, en los que estar\u00e1n disponibles 200 libros para la ciudadan\u00eda.<\/p>\n<p>El objetivo es que las y los coacalquenses tengan acceso a los libros, de todo tipo, y puedan leerlos en un ambiente de tranquilidad.<\/p>\n<p>La rectora de la Universidad Lucerna, Miriam Trejo, aplaudi\u00f3 la iniciativa del Gobierno Municipal para realizar de manera peri\u00f3dica la Feria de la Lectura\u00a0 y con ello abonar al desarrollo humano de las personas.<\/p>\n<p>&nbsp;<\/p>\n","protected":false},"excerpt":{"rendered":"<div class=\"mh-excerpt\"><p>&nbsp; Cerca de 10 editoriales ofrecen miles de t\u00edtulos a precios accesibles en la Universidad <a class=\"mh-excerpt-more\" href=\"https:\/\/foro1025.mx\/?p=7899\" title=\"Realiza gobierno de Coacalco 2da edici\u00f3n de la Feria Internacional de la Lectura\">&#8230;<\/a><\/p>\n<\/div>","protected":false},"author":1,"featured_media":0,"comment_status":"closed","ping_status":"closed","sticky":false,"template":"","format":"standard","meta":{"footnotes":""},"categories":[7],"tags":[],"class_list":{"0":"post-7899","1":"post","2":"type-post","3":"status-publish","4":"format-standard","6":"category-coacalco"},"_links":{"self":[{"href":"https:\/\/foro1025.mx\/index.php?rest_route=\/wp\/v2\/posts\/7899","targetHints":{"allow":["GET"]}}],"collection":[{"href":"https:\/\/foro1025.mx\/index.php?rest_route=\/wp\/v2\/posts"}],"about":[{"href":"https:\/\/foro1025.mx\/index.php?rest_route=\/wp\/v2\/types\/post"}],"author":[{"embeddable":true,"href":"https:\/\/foro1025.mx\/index.php?rest_route=\/wp\/v2\/users\/1"}],"replies":[{"embeddable":true,"href":"https:\/\/foro1025.mx\/index.php?rest_route=%2Fwp%2Fv2%2Fcomments&post=7899"}],"version-history":[{"count":1,"href":"https:\/\/foro1025.mx\/index.php?rest_route=\/wp\/v2\/posts\/7899\/revisions"}],"predecessor-version":[{"id":7901,"href":"https:\/\/foro1025.mx\/index.php?rest_route=\/wp\/v2\/posts\/7899\/revisions\/7901"}],"wp:attachment":[{"href":"https:\/\/foro1025.mx\/index.php?rest_route=%2Fwp%2Fv2%2Fmedia&parent=7899"}],"wp:term":[{"taxonomy":"category","embeddable":true,"href":"https:\/\/foro1025.mx\/index.php?rest_route=%2Fwp%2Fv2%2Fcategories&post=7899"},{"taxonomy":"post_tag","embeddable":true,"href":"https:\/\/foro1025.mx\/index.php?rest_route=%2Fwp%2Fv2%2Ftags&post=7899"}],"curies":[{"name":"wp","href":"https:\/\/api.w.org\/{rel}","templated":true}]}}