{"id":7986,"date":"2019-10-05T16:41:02","date_gmt":"2019-10-05T21:41:02","guid":{"rendered":"https:\/\/foro1025.mx\/?p=7986"},"modified":"2019-10-06T16:42:03","modified_gmt":"2019-10-06T21:42:03","slug":"concluyen-ciclo-de-conferencias-historias-de-toluca","status":"publish","type":"post","link":"https:\/\/foro1025.mx\/?p=7986","title":{"rendered":"Concluyen ciclo de conferencias Historias de Toluca"},"content":{"rendered":"<p class=\"p5\"><i>\u2022 Ofrece Guillermo Fern\u00e1ndez Orozco ponencia \u201cLa construcci\u00f3n de la Catedral de Toluca con miras al surgimiento de la primera Di\u00f3cesis en el Estado de M\u00e9xico\u201d.<\/i><\/p>\n<p class=\"p5\"><i>\u2022 Asisten m\u00e1s de mil 300 personas a las 20 conferencias ofrecidas desde el mes de mayo.<\/i><\/p>\n<p class=\"p5\"><b>Toluca, Estado de M\u00e9xico.-<\/b>Con la charla \u201cLa construcci\u00f3n de la Catedral de Toluca con miras al surgimiento de la primera Di\u00f3cesis en el Estado de M\u00e9xico\u201d, impartida por Guillermo Fern\u00e1ndez Orozco, concluy\u00f3 el XIX Ciclo de Conferencias \u201cHistorias de Toluca\u201d, organizado por la Secretar\u00eda de Cultura y el Ayuntamiento local, a trav\u00e9s de sus Archivos Hist\u00f3ricos.<\/p>\n<p class=\"p5\">En la ponencia, el Vicario de la Di\u00f3cesis de Toluca habl\u00f3 sobre el origen de la Catedral, la cual surgi\u00f3 cuando en 1863 el cura de Toluca, Fray Buenaventura Merl\u00edn, expres\u00f3 la necesidad de construir un nuevo templo, pues el que ten\u00edan hab\u00eda sufrido da\u00f1os por la guerra entre los liberales y los conservadores.<\/p>\n<p class=\"p5\">Este hecho dio pie a la construcci\u00f3n de la nueva Catedral, la cual se realiz\u00f3 con un estilo neocl\u00e1sico franc\u00e9s, y con ella, la primera Di\u00f3cesis de Toluca.<\/p>\n<p class=\"p5\">Es de referir que, de mayo a la fecha, el XIX Ciclo de Conferencias \u201cHistorias de Toluca\u201d present\u00f3 semanalmente a especialistas en historia, arte, arquitectura, jurisprudencia, literatura entre otras \u00e1reas, para compartir con la comunidad el conocimiento de los antecedentes de la capital mexiquense.<\/p>\n<p class=\"p5\">Tras haber recibido un total de mil 350 asistentes, esta actividad fue oficialmente concluida por parte de Gabino Santana Moreno y Matilde Arteaga Cerritos, autoridades de los Archivos Hist\u00f3ricos Estatal y Municipal, respectivamente, y por el Secretario del Ayuntamiento de Toluca, Jos\u00e9 Francisco V\u00e1zquez Rodr\u00edguez.<\/p>\n<p class=\"p5\">\u201cEste ciclo fue muy rico en conocimientos, experiencias y participaci\u00f3n por parte de los j\u00f3venes, que se mostraron muy gustos por haber accedido a las 20 conferencias que se presentaron\u201d, coment\u00f3 Gabino Santana Moreno.<\/p>\n<p class=\"p5\">Durante la \u00faltima conferencia presentada, estuvo presente Octavio Mena Macedo, en representaci\u00f3n de la Secretaria de Cultura, Marcela Gonz\u00e1lez Salas, y quien comparti\u00f3 un mensaje de felicitaci\u00f3n para las y los mexiquenses que han seguido de cerca estas conferencias.<\/p>\n<p class=\"p5\">Por su parte, y como gesto de agradecimiento, Gustavo Garc\u00eda Ju\u00e1rez, representante de los asistentes, dio un mensaje en el que destac\u00f3 la noble labor que desempe\u00f1an los Archivos e invit\u00f3 a ser part\u00edcipes de esta actividad que afianza la identidad de quienes habitan la capital mexiquense.<\/p>\n<p class=\"p8\">\n","protected":false},"excerpt":{"rendered":"<div class=\"mh-excerpt\"><p>\u2022 Ofrece Guillermo Fern\u00e1ndez Orozco ponencia \u201cLa construcci\u00f3n de la Catedral de Toluca con miras <a class=\"mh-excerpt-more\" href=\"https:\/\/foro1025.mx\/?p=7986\" title=\"Concluyen ciclo de conferencias Historias de Toluca\">&#8230;<\/a><\/p>\n<\/div>","protected":false},"author":1,"featured_media":0,"comment_status":"closed","ping_status":"closed","sticky":false,"template":"","format":"standard","meta":{"footnotes":""},"categories":[20,12],"tags":[],"class_list":{"0":"post-7986","1":"post","2":"type-post","3":"status-publish","4":"format-standard","6":"category-cultura","7":"category-toluca"},"_links":{"self":[{"href":"https:\/\/foro1025.mx\/index.php?rest_route=\/wp\/v2\/posts\/7986","targetHints":{"allow":["GET"]}}],"collection":[{"href":"https:\/\/foro1025.mx\/index.php?rest_route=\/wp\/v2\/posts"}],"about":[{"href":"https:\/\/foro1025.mx\/index.php?rest_route=\/wp\/v2\/types\/post"}],"author":[{"embeddable":true,"href":"https:\/\/foro1025.mx\/index.php?rest_route=\/wp\/v2\/users\/1"}],"replies":[{"embeddable":true,"href":"https:\/\/foro1025.mx\/index.php?rest_route=%2Fwp%2Fv2%2Fcomments&post=7986"}],"version-history":[{"count":1,"href":"https:\/\/foro1025.mx\/index.php?rest_route=\/wp\/v2\/posts\/7986\/revisions"}],"predecessor-version":[{"id":7988,"href":"https:\/\/foro1025.mx\/index.php?rest_route=\/wp\/v2\/posts\/7986\/revisions\/7988"}],"wp:attachment":[{"href":"https:\/\/foro1025.mx\/index.php?rest_route=%2Fwp%2Fv2%2Fmedia&parent=7986"}],"wp:term":[{"taxonomy":"category","embeddable":true,"href":"https:\/\/foro1025.mx\/index.php?rest_route=%2Fwp%2Fv2%2Fcategories&post=7986"},{"taxonomy":"post_tag","embeddable":true,"href":"https:\/\/foro1025.mx\/index.php?rest_route=%2Fwp%2Fv2%2Ftags&post=7986"}],"curies":[{"name":"wp","href":"https:\/\/api.w.org\/{rel}","templated":true}]}}