{"id":8323,"date":"2019-10-16T20:33:46","date_gmt":"2019-10-17T01:33:46","guid":{"rendered":"https:\/\/foro1025.mx\/?p=8323"},"modified":"2019-10-16T20:33:46","modified_gmt":"2019-10-17T01:33:46","slug":"suman-mexiquenses-metales-en-la-paralimpiada-nacional-2019","status":"publish","type":"post","link":"https:\/\/foro1025.mx\/?p=8323","title":{"rendered":"Suman mexiquenses metales en la Paralimpiada Nacional 2019"},"content":{"rendered":"<p class=\"p4\"><i>\u2022 Conquistan 13 preseas m\u00e1s en esta justa deportiva.<\/i><\/p>\n<p class=\"p4\"><i>\u2022 Obtienen 11 metales en para-atletismo, cinco oros, tres platas y tres bronces.<\/i><\/p>\n<p class=\"p4\"><i>\u2022 Logran platas el equipo mexiquense de basquetbol de tercias mixtas y en boccia en parejas mixto.<\/i><\/p>\n<p class=\"p4\"><b>Colima, Colima.- <\/b>Durante el segundo d\u00eda de competencia de la Paralimpiada Nacional 2019, los atletas mexiquenses conquistaron 13 preseas en para-atletismo, basquetbol y boccia.<\/p>\n<p class=\"p4\">En lo que corresponde al para-atletismo, realizado en la pista de la Unidad Deportiva \u00abJos\u00e9 Mar\u00eda Morelos y Pav\u00f3n\u00bb, se lograron cinco oros, tres platas y tres preseas de bronce, para cerrar el d\u00eda con 11.<\/p>\n<p class=\"p4\">La cosecha de medallas abri\u00f3 con una carrera muy cerrada, haciendo el 1-2 en los 400 metros planos clasificaci\u00f3n T45\/46\/47 juvenil mayor a cargo de los mexiquenses Axel Guapo Molina, con un tiempo de<span class=\"Apple-converted-space\">\u00a0 <\/span>58:65, y \u00c1ngel G\u00f3mez L\u00f3pez con 1:00.70, dejando el tercer sitio a Kevin Tonix, de Tlaxcala, con 1:01.55<\/p>\n<p class=\"p4\">M\u00e1s tarde, Jos\u00e9 Eduardo Mart\u00edn Garc\u00eda obtuvo su segundo oro de la justa, en los 400 metros planos de la clasificaci\u00f3n T21, quien luci\u00f3 muy contento con su desempe\u00f1o.<\/p>\n<p class=\"p4\">Asimismo, Samuel Cleofas Gonz\u00e1lez tambi\u00e9n conquist\u00f3 el segundo oro de esta Paralimpiada, pero en lanzamiento de jabalina de la clasificaci\u00f3n F56 juvenil menor, con 16.02 metros.<\/p>\n<p class=\"p4\">Daniel Alberto Garc\u00eda Campos se colg\u00f3 dos preseas, una de ellas fue de oro en los 400 metros T35\/36 juvenil mayor, con un tiempo de 1:06:54 y la otra fue de segundo lugar en salto de longitud F36 juvenil mayor, con 3.72 metros.<\/p>\n<p class=\"p4\">En impulso de bala, H\u00e9ctor Mac\u00edas Murillo con 8.86 metros y Jorge Alan Naranjo Reyes con 8.29 metros, hicieron el 1-2 de la clasificaci\u00f3n F56 juvenil mayor.<\/p>\n<p class=\"p4\">Los tres bronces corrieron a cargo de Fabiola Hern\u00e1ndez Celaya, en<span class=\"Apple-converted-space\">\u00a0 <\/span>los 400 metros T25 juvenil menor, con un tiempo de 1:13.63, Ricardo Jes\u00fas Gonz\u00e1lez Jard\u00f3n, en el impulso de bala clasificaci\u00f3n F12 juvenil mayor, con 7.99 metros, y de David Yael Mart\u00ednez Mendoza en los 400 metros T35 juvenil mayor.<\/p>\n<p class=\"p4\">DIABLITOS SE CUELGAN LA PLATA<\/p>\n<p class=\"p4\">El equipo de basquetbol de tercias mixtas de la entidad mexiquense, en las eliminatorias tuvieron dos victorias ante los representativos de Nuevo Le\u00f3n y Guanajuato con una derrota con el equipo de Jalisco, que le llev\u00f3 a la siguiente ronda en la que se enfrentaron a Chiapas sacando la victoria con un marcador de 6-3.<\/p>\n<p class=\"p4\">M\u00e1s tarde nuevamente se enfrentaron al equipo de Sinaloa, donde volvieron a sacar ventaja 7-2, resultado que les dio el pase a la final donde enfrentaron nuevamente a Nuevo Le\u00f3n, pero la historia fue diferente, ambos equipos salieron con fuerza y desde el inicio mostraron sus ganas de obtener la medalla de oro.<\/p>\n<p class=\"p4\">Sin embargo en un encuentro re\u00f1ido el marcado final favoreci\u00f3 a los del norte del pa\u00eds 5-2, dejando la presea de plata a los Diablitos del Estado de M\u00e9xico y el tercer lugar para Jalisco.<\/p>\n<p class=\"p4\">PLATA EN BOCCIA<\/p>\n<p class=\"p4\">Las actividades en la disciplina contin\u00faan y ya se cuenta con una presea de plata en BC4 de parejas mixto a cargo de Karla Manuel Enr\u00edquez y Tom\u00e1s Eduardo M\u00e1rquez Ruiz, sin embargo ser\u00e1 hasta que finalicen las competencias para realizar la premiaci\u00f3n correspondiente.<\/p>\n","protected":false},"excerpt":{"rendered":"<div class=\"mh-excerpt\"><p>\u2022 Conquistan 13 preseas m\u00e1s en esta justa deportiva. \u2022 Obtienen 11 metales en para-atletismo, <a class=\"mh-excerpt-more\" href=\"https:\/\/foro1025.mx\/?p=8323\" title=\"Suman mexiquenses metales en la Paralimpiada Nacional 2019\">&#8230;<\/a><\/p>\n<\/div>","protected":false},"author":1,"featured_media":0,"comment_status":"closed","ping_status":"closed","sticky":false,"template":"","format":"standard","meta":{"footnotes":""},"categories":[36],"tags":[],"class_list":{"0":"post-8323","1":"post","2":"type-post","3":"status-publish","4":"format-standard","6":"category-deportes"},"_links":{"self":[{"href":"https:\/\/foro1025.mx\/index.php?rest_route=\/wp\/v2\/posts\/8323","targetHints":{"allow":["GET"]}}],"collection":[{"href":"https:\/\/foro1025.mx\/index.php?rest_route=\/wp\/v2\/posts"}],"about":[{"href":"https:\/\/foro1025.mx\/index.php?rest_route=\/wp\/v2\/types\/post"}],"author":[{"embeddable":true,"href":"https:\/\/foro1025.mx\/index.php?rest_route=\/wp\/v2\/users\/1"}],"replies":[{"embeddable":true,"href":"https:\/\/foro1025.mx\/index.php?rest_route=%2Fwp%2Fv2%2Fcomments&post=8323"}],"version-history":[{"count":1,"href":"https:\/\/foro1025.mx\/index.php?rest_route=\/wp\/v2\/posts\/8323\/revisions"}],"predecessor-version":[{"id":8325,"href":"https:\/\/foro1025.mx\/index.php?rest_route=\/wp\/v2\/posts\/8323\/revisions\/8325"}],"wp:attachment":[{"href":"https:\/\/foro1025.mx\/index.php?rest_route=%2Fwp%2Fv2%2Fmedia&parent=8323"}],"wp:term":[{"taxonomy":"category","embeddable":true,"href":"https:\/\/foro1025.mx\/index.php?rest_route=%2Fwp%2Fv2%2Fcategories&post=8323"},{"taxonomy":"post_tag","embeddable":true,"href":"https:\/\/foro1025.mx\/index.php?rest_route=%2Fwp%2Fv2%2Ftags&post=8323"}],"curies":[{"name":"wp","href":"https:\/\/api.w.org\/{rel}","templated":true}]}}