{"id":8575,"date":"2019-10-24T09:07:04","date_gmt":"2019-10-24T14:07:04","guid":{"rendered":"https:\/\/foro1025.mx\/?p=8575"},"modified":"2019-10-25T09:08:46","modified_gmt":"2019-10-25T14:08:46","slug":"firma-gobierno-de-la-cdmx-convenio-de-colaboracion-con-el-edomex-para-el-manejo-de-residuos-solidos","status":"publish","type":"post","link":"https:\/\/foro1025.mx\/?p=8575","title":{"rendered":"Firma gobierno de la CDMX convenio de colaboraci\u00f3n con el Edom\u00e9x para el manejo de residuos s\u00f3lidos"},"content":{"rendered":"<p class=\"p6\">De las 12 mil 700 toneladas de residuos s\u00f3lidos que se generan en promedio cada d\u00eda en la Ciudad de M\u00e9xico el 68% termina en un relleno sanitario, la meta para el 2024 se disponga menos del 16% de \u00e9stos.<\/p>\n<p class=\"p6\">Se unen esfuerzos para el intercambio de experiencias en la b\u00fasqueda de tecnolog\u00edas sustentables y sistemas organizacionales que facilite la aplicaci\u00f3n de la normatividad en ambas entidades.<\/p>\n<p class=\"p8\">Los gobiernos de la Ciudad de M\u00e9xico y del Estado de M\u00e9xico firmaron un Convenio de Coordinaci\u00f3n para Impulsar el Manejo Integral de los Residuos S\u00f3lidos Urbanos que se generan en ambas entidades, y con ello trabajar de manera conjunta para mejorar el manejo y aprovechamiento de los residuos.<\/p>\n<p class=\"p8\">Dicho acuerdo de colaboraci\u00f3n institucional establece los mecanismos de coordinaci\u00f3n para impulsar adecuadamente el traslado, manejo, aprovechamiento y disposici\u00f3n final de los residuos s\u00f3lidos urbanos y de manejo especial en las instalaciones adecuadas para tales fines.<\/p>\n<p class=\"p8\">El convenio, signado por la Secretaria del Medio Ambiente, Marina Robles Garc\u00eda, y el Secretario de Obras y Servicios, Jes\u00fas Esteva Medina, en representaci\u00f3n del Gobierno de la Capital, as\u00ed como por el Secretario del Medio Ambiente del Estado de M\u00e9xico, Jorge Rescala P\u00e9rez, inici\u00f3 hoy mismo y ser\u00e1 vigente hasta el 15 de septiembre de 2023.<\/p>\n<p class=\"p8\">En su discurso, el titular de Obras y Servicios, Jes\u00fas Esteva Medina, destac\u00f3 que es indispensable la participaci\u00f3n informada, organizada y corresponsable de los todos los sectores de la sociedad que participan en el manejo de los residuos s\u00f3lidos, as\u00ed como la importancia de lograr canales de comunicaci\u00f3n efectivos para poder trabajar de manera coordinada en un tema de car\u00e1cter metropolitano, como lo es el manejo de los residuos, y buscar su re\u00faso, reciclaje o tratamiento para generar electricidad, en vez de ir a un relleno sanitario.<\/p>\n<p class=\"p8\">Enfatiz\u00f3 que las acciones emprendidas en la Ciudad de M\u00e9xico son correctas, ya que actualmente se depositan diariamente 800 toneladas menos, en promedio, que las que se dispon\u00edan hace tres meses en los rellenos sanitarios. \u201cEstamos convencidos que este convenio que hoy formalizamos nos acerca m\u00e1s al objetivo que se tiene para el final de la Administraci\u00f3n: depositar solamente 2 mil toneladas en rellenos sanitarios\u201d, resalt\u00f3 el funcionario.<\/p>\n<p class=\"p8\">Por su parte, la Secretaria del Medio Ambiente de la Ciudad de M\u00e9xico, Marina Robles Garc\u00eda, dijo que para llegar a esta meta se busca aprovechar los residuos bajo distintas formas: \u201cen el reciclaje, en nuevas tecnolog\u00edas que estamos analizando con distintos grupos, tanto especialistas como empresarios, que han venido a ofrecer diferentes proyectos y que estaremos sometiendo a la opini\u00f3n ciudadana para ver qu\u00e9 es lo que m\u00e1s conviene para esta regi\u00f3n del Valle de M\u00e9xico\u201d.<\/p>\n<p class=\"p9\"><span class=\"s2\">En el marco del plan <\/span>Basura Cero Robles Garc\u00eda mencion\u00f3 que esta estrategia \u201ccomprende cinco grandes l\u00edneas de trabajo y una de ellas implica aumentar el reciclaje, una labor importante de todos los actores sociales que formamos parte de esta cadena y que necesitamos fortalecer. Una de las tareas m\u00e1s importantes tambi\u00e9n es el trabajo que tiene que suceder dentro de las casas, donde se originan muchos de estos residuos, de manera que la basura o estos residuos est\u00e9n lo m\u00e1s limpios posible y puedan aprovecharse mucho m\u00e1s\u201d.<\/p>\n<p class=\"p8\">En su mensaje, Jorge Rescala P\u00e9rez, Secretario del Medio Ambiente del Edom\u00e9x, a nombre del Gobernador del Estado de M\u00e9xico, Alfredo del Mazo Maza, se\u00f1al\u00f3 que, \u201ccelebramos la firma de este Convenio que permitir\u00e1 impulsar el manejo integral de residuos en las etapas de: traslado, aprovechamiento, tratamiento o disposici\u00f3n final de residuos, as\u00ed como promover la investigaci\u00f3n, desarrollo y aplicaci\u00f3n de tecnolog\u00edas que reduzcan o eliminen la liberaci\u00f3n al ambiente de elementos contaminantes provenientes de su tratamiento\u201d.<\/p>\n<p class=\"p8\">Asever\u00f3 que \u201cuno de los grandes retos que tienen las democracias actuales es alcanzar una adecuada coordinaci\u00f3n de acciones y pol\u00edticas entre los diferentes gobiernos. Esta cualidad multiplica su importancia cuando diferentes entidades formamos parte de una de las Megal\u00f3polis m\u00e1s grandes del mundo; s\u00f3lo en la Ciudad de M\u00e9xico y el Estado de M\u00e9xico vivimos m\u00e1s de 26 millones de habitantes, el equivalente a la poblaci\u00f3n que tienen pa\u00edses como Australia\u201d.<\/p>\n<p class=\"p8\">Rescala P\u00e9rez refiri\u00f3 que, \u201cde ah\u00ed la importancia para los gobiernos de generar las pol\u00edticas p\u00fablicas necesarias para atender los grandes problemas ambientales que se generan en las grandes urbes al tiempo de influir positivamente, y de manera gradual, en la conciencia de cada ciudadano sobre la huella ecol\u00f3gica que contienen nuestros h\u00e1bitos\u201d.<\/p>\n<p class=\"p8\">No existen antecedentes de la firma de un convenio similar entre ambos gobiernos. Por primera vez se unen esfuerzos para intercambiar experiencias en la b\u00fasqueda de tecnolog\u00edas sustentables, nuevos sistemas organizacionales y mejorar la normatividad para facilitar su aplicaci\u00f3n, a trav\u00e9s de estas acciones se buscar\u00e1 tener un medio ambiente m\u00e1s limpio y seguro para todos los habitantes y generaciones futuras del Valle de M\u00e9xico.<\/p>\n","protected":false},"excerpt":{"rendered":"<div class=\"mh-excerpt\"><p>De las 12 mil 700 toneladas de residuos s\u00f3lidos que se generan en promedio cada <a class=\"mh-excerpt-more\" href=\"https:\/\/foro1025.mx\/?p=8575\" title=\"Firma gobierno de la CDMX convenio de colaboraci\u00f3n con el Edom\u00e9x para el manejo de residuos s\u00f3lidos\">&#8230;<\/a><\/p>\n<\/div>","protected":false},"author":1,"featured_media":0,"comment_status":"closed","ping_status":"closed","sticky":false,"template":"","format":"standard","meta":{"footnotes":""},"categories":[23,13],"tags":[],"class_list":{"0":"post-8575","1":"post","2":"type-post","3":"status-publish","4":"format-standard","6":"category-ciudad-de-mexico","7":"category-estado-de-mexico"},"_links":{"self":[{"href":"https:\/\/foro1025.mx\/index.php?rest_route=\/wp\/v2\/posts\/8575","targetHints":{"allow":["GET"]}}],"collection":[{"href":"https:\/\/foro1025.mx\/index.php?rest_route=\/wp\/v2\/posts"}],"about":[{"href":"https:\/\/foro1025.mx\/index.php?rest_route=\/wp\/v2\/types\/post"}],"author":[{"embeddable":true,"href":"https:\/\/foro1025.mx\/index.php?rest_route=\/wp\/v2\/users\/1"}],"replies":[{"embeddable":true,"href":"https:\/\/foro1025.mx\/index.php?rest_route=%2Fwp%2Fv2%2Fcomments&post=8575"}],"version-history":[{"count":1,"href":"https:\/\/foro1025.mx\/index.php?rest_route=\/wp\/v2\/posts\/8575\/revisions"}],"predecessor-version":[{"id":8577,"href":"https:\/\/foro1025.mx\/index.php?rest_route=\/wp\/v2\/posts\/8575\/revisions\/8577"}],"wp:attachment":[{"href":"https:\/\/foro1025.mx\/index.php?rest_route=%2Fwp%2Fv2%2Fmedia&parent=8575"}],"wp:term":[{"taxonomy":"category","embeddable":true,"href":"https:\/\/foro1025.mx\/index.php?rest_route=%2Fwp%2Fv2%2Fcategories&post=8575"},{"taxonomy":"post_tag","embeddable":true,"href":"https:\/\/foro1025.mx\/index.php?rest_route=%2Fwp%2Fv2%2Ftags&post=8575"}],"curies":[{"name":"wp","href":"https:\/\/api.w.org\/{rel}","templated":true}]}}