{"id":8600,"date":"2019-10-24T09:19:23","date_gmt":"2019-10-24T14:19:23","guid":{"rendered":"https:\/\/foro1025.mx\/?p=8600"},"modified":"2019-10-25T09:20:45","modified_gmt":"2019-10-25T14:20:45","slug":"reconoce-alfredo-del-mazo-trabajo-de-organizaciones-civiles-por-su-contribucion-en-el-desarrollo-del-edomex","status":"publish","type":"post","link":"https:\/\/foro1025.mx\/?p=8600","title":{"rendered":"Reconoce Alfredo del Mazo trabajo de organizaciones civiles por su contribuci\u00f3n en el desarrollo del Edom\u00e9x"},"content":{"rendered":"<p class=\"p3\">\u2022Participa Gobernador en el S\u00e9ptimo Congreso de Ciudadan\u00eda Activa, Las Organizaciones de la<span class=\"Apple-converted-space\">\u00a0 <\/span>Sociedad Civil ante los Objetivos de Desarrollo Sostenible.<\/p>\n<p class=\"p3\">\u2022Asegura que la sociedad organizada cuenta con una gran credibilidad, ya que su objetivo es preservar los derechos humanos, complementar el trabajo del sector p\u00fablico, promover la defensa de grupos vulnerables, contener el cambio clim\u00e1tico o combatir la corrupci\u00f3n.<\/p>\n<p class=\"p3\">\u2022Informa que su administraci\u00f3n present\u00f3 una iniciativa de ley al Congreso local, para fomentar las actividades de estas organizaciones.<\/p>\n<p class=\"p3\">Toluca, Estado de M\u00e9xico.-Al participar en el S\u00e9ptimo Congreso de Ciudadan\u00eda Activa, el Gobernador Alfredo Del Mazo Maza reconoci\u00f3 la importancia que las organizaciones de la sociedad civil tienen en el desarrollo del Estado de M\u00e9xico, y garantiz\u00f3 que su administraci\u00f3n impulsa el quehacer de estos organismos, pues trabajan para generar mayor bienestar a la ciudadan\u00eda.<\/p>\n<p class=\"p3\">Destac\u00f3 que este congreso tiene la finalidad de fortalecer la relaci\u00f3n entre las organizaciones civiles y el Gobierno, para que juntos se logren cumplir los 17 objetivos de la Agenda 2030 de la Organizaci\u00f3n de las Naciones Unidas.<\/p>\n<p class=\"p3\">\u00abEn el Gobierno del estado estamos convencidos de la importancia y la relevancia de las organizaciones de la sociedad civil y del trabajo coordinado que podamos llevar a cabo ustedes. Tienen aqu\u00ed las puertas abiertas y nos interesa que juntos podamos construir el Estado de M\u00e9xico que queremos.<\/p>\n<p class=\"p3\">\u00abEsta s\u00e9ptima edici\u00f3n del congreso tiene entre sus objetivos fortalecer los lazos de colaboraci\u00f3n entre la sociedad organizada y el Gobierno para promover la Agenda 2030 y fortalecer la profesionalizaci\u00f3n de las organizaciones civiles mexiquenses\u00bb, extern\u00f3.<\/p>\n<p class=\"p3\">En el Centro de Convenciones y Exposiciones de Toluca, Del Mazo Maza indic\u00f3 que la aportaci\u00f3n de estas organizaciones al Producto Interno Bruto nacional, es de 2.9 por ciento, adem\u00e1s de que generan m\u00e1s de 2.5 millones de empleos en el pa\u00eds y tienen<span class=\"Apple-converted-space\">\u00a0 <\/span>cerca de 2 millones de voluntarios.<\/p>\n<p class=\"p3\">Actualmente, consider\u00f3 el Gobernador, estas agrupaciones cuentan con una gran credibilidad ciudadana, ya que su objetivo es preservar los derechos y las libertades de la sociedad, as\u00ed como proponer soluciones a los desaf\u00edos de la humanidad, complementar el trabajo del sector p\u00fablico y son indispensable para consolidar el Estado de Derecho.<\/p>\n<p class=\"p3\">Tambi\u00e9n subray\u00f3 que la sociedad organizada promueve la defensa de los grupos vulnerables, la contenci\u00f3n del cambio clim\u00e1tico, el combate a la corrupci\u00f3n o la lucha contra la desigualdad.<\/p>\n<p class=\"p3\">Por ello, inform\u00f3 que para fortalecer a este sector, la administraci\u00f3n mexiquense present\u00f3 una iniciativa de ley al Congreso local, con la intenci\u00f3n de fomentar sus actividades,<span class=\"Apple-converted-space\">\u00a0 <\/span>fortalecer su vinculaci\u00f3n con las autoridades e impulsar su posibilidad de influir en la definici\u00f3n de temas que competen al estado.<\/p>\n<p class=\"p3\">\u00abSe ha presentado ante el Congreso del estado, una iniciativa de ley, de fomento a las actividades de las organizaciones de la sociedad civil, que fortalece los mecanismos de gobernanza existentes en el estado, la participaci\u00f3n ciudadana y la vinculaci\u00f3n entre la sociedad organizada y las instituciones mexiquenses.<\/p>\n<p class=\"p3\">\u00abCon esta iniciativa daremos un gran impulso a las organizaciones civiles, a sus posibilidades de influir en la definici\u00f3n de temas estatales, a sus contribuciones en el marco de la Agenda 2030\u00bb, puntualiz\u00f3.<\/p>\n<p class=\"p3\">En el mensaje que dirigi\u00f3 a integrantes y l\u00edderes de organizaciones civiles, empresarios, acad\u00e9micos y funcionarios p\u00fablicos, el mandatario estatal refiri\u00f3 que desde el inicio de la administraci\u00f3n se emprendieron acciones para impulsar la participaci\u00f3n ciudadana, y enfatiz\u00f3 que en la elaboraci\u00f3n del Plan de Desarrollo estatal, fueron convocados foros tem\u00e1ticos y regionales en los que naci\u00f3 la ruta de trabajo que hoy lleva el Gobierno mexiquense.<\/p>\n<p class=\"p3\">Acompa\u00f1ado por el Secretario General de Gobierno, Alejandro Ozuna Rivero, asegur\u00f3 que en la actualidad la participaci\u00f3n de la sociedad es fundamental para el dise\u00f1o de mejores pol\u00edticas, as\u00ed como para la creaci\u00f3n de acciones que detonen el bienestar com\u00fan, por lo que destac\u00f3 la labor de las casi 4 mil organizaciones de este tipo que existen en el Edom\u00e9x.<\/p>\n<p class=\"p3\">\u00abEn el Estado de M\u00e9xico el trabajo de casi 4 mil organizaciones formalmente constituidas definen, mediante el di\u00e1logo y la construcci\u00f3n de acuerdos una agenda p\u00fablica estatal que impulsa el inter\u00e9s com\u00fan y que nos ayuda a que<span class=\"Apple-converted-space\">\u00a0 <\/span>entre todos podamos construir un Estado de M\u00e9xico m\u00e1s s\u00f3lido, un Estado de M\u00e9xico con m\u00e1s oportunidades de desarrollo y m\u00e1s equitativo\u00bb, apunt\u00f3.<\/p>\n<p class=\"p3\">La Presidenta Ejecutiva del Patronato Pro Mazahua, AC y M\u00e9xico Ind\u00edgena,<\/p>\n<p class=\"p3\">IAP,<span class=\"Apple-converted-space\">\u00a0 <\/span>Jeannette Arriola S\u00e1nchez, agradeci\u00f3 al Gobierno estatal por la organizaci\u00f3n de eventos de esta naturaleza, ya que facilitan el intercambio de experiencias para hacer un frente com\u00fan ante retos como la pobreza, la inseguridad, la violencia de g\u00e9nero, la desigualdad o el cambio clim\u00e1tico.<\/p>\n<p class=\"p3\">Agreg\u00f3 que la sociedad organizada tambi\u00e9n puede dar un cabal cumplimiento a los 17 objetivos que plantea la Agenda 2030, y ofrecer soluciones a problemas que acechan a las comunidades actuales y del futuro.<\/p>\n","protected":false},"excerpt":{"rendered":"<div class=\"mh-excerpt\"><p>\u2022Participa Gobernador en el S\u00e9ptimo Congreso de Ciudadan\u00eda Activa, Las Organizaciones de la\u00a0 Sociedad Civil <a class=\"mh-excerpt-more\" href=\"https:\/\/foro1025.mx\/?p=8600\" title=\"Reconoce Alfredo del Mazo trabajo de organizaciones civiles por su contribuci\u00f3n en el desarrollo del Edom\u00e9x\">&#8230;<\/a><\/p>\n<\/div>","protected":false},"author":1,"featured_media":0,"comment_status":"closed","ping_status":"closed","sticky":false,"template":"","format":"standard","meta":{"footnotes":""},"categories":[13,39],"tags":[],"class_list":{"0":"post-8600","1":"post","2":"type-post","3":"status-publish","4":"format-standard","6":"category-estado-de-mexico","7":"category-principales"},"_links":{"self":[{"href":"https:\/\/foro1025.mx\/index.php?rest_route=\/wp\/v2\/posts\/8600","targetHints":{"allow":["GET"]}}],"collection":[{"href":"https:\/\/foro1025.mx\/index.php?rest_route=\/wp\/v2\/posts"}],"about":[{"href":"https:\/\/foro1025.mx\/index.php?rest_route=\/wp\/v2\/types\/post"}],"author":[{"embeddable":true,"href":"https:\/\/foro1025.mx\/index.php?rest_route=\/wp\/v2\/users\/1"}],"replies":[{"embeddable":true,"href":"https:\/\/foro1025.mx\/index.php?rest_route=%2Fwp%2Fv2%2Fcomments&post=8600"}],"version-history":[{"count":1,"href":"https:\/\/foro1025.mx\/index.php?rest_route=\/wp\/v2\/posts\/8600\/revisions"}],"predecessor-version":[{"id":8603,"href":"https:\/\/foro1025.mx\/index.php?rest_route=\/wp\/v2\/posts\/8600\/revisions\/8603"}],"wp:attachment":[{"href":"https:\/\/foro1025.mx\/index.php?rest_route=%2Fwp%2Fv2%2Fmedia&parent=8600"}],"wp:term":[{"taxonomy":"category","embeddable":true,"href":"https:\/\/foro1025.mx\/index.php?rest_route=%2Fwp%2Fv2%2Fcategories&post=8600"},{"taxonomy":"post_tag","embeddable":true,"href":"https:\/\/foro1025.mx\/index.php?rest_route=%2Fwp%2Fv2%2Ftags&post=8600"}],"curies":[{"name":"wp","href":"https:\/\/api.w.org\/{rel}","templated":true}]}}