{"id":874,"date":"2016-05-16T11:35:39","date_gmt":"2016-05-16T16:35:39","guid":{"rendered":"https:\/\/foro1025.mx\/?p=874"},"modified":"2016-05-16T11:35:39","modified_gmt":"2016-05-16T16:35:39","slug":"concluye-huixquilucan-rehabilitacion-del-jardin-de-ninos-salvador-novo","status":"publish","type":"post","link":"https:\/\/foro1025.mx\/?p=874","title":{"rendered":"Concluye Huixquilucan rehabilitaci\u00f3n del Jard\u00edn de ni\u00f1os \u00abSalvador Novo\u00bb"},"content":{"rendered":"<h5 id=\"yui_3_16_0_ym19_1_1463413877643_14454\" class=\"yiv5921996635MsoNormal\" style=\"text-align: justify;\" align=\"center\"><b id=\"yui_3_16_0_ym19_1_1463413877643_14456\"><span id=\"yui_3_16_0_ym19_1_1463413877643_14455\"><\/span><\/b>\u00b7\u00a0\u00a0\u00a0\u00a0\u00a0\u00a0\u00a0\u00a0\u00a0<b>El sistema municipal DIF proyecta rehabilitar 15 planteles educativos de nivel preescolar.<\/b><\/h5>\n<h5 id=\"yui_3_16_0_ym19_1_1463413877643_14450\" class=\"yiv5921996635MsoNormal\" style=\"text-align: justify;\">\u00b7\u00a0\u00a0\u00a0\u00a0\u00a0\u00a0\u00a0\u00a0\u00a0<b>Los ni\u00f1os son una prioridad para la administraci\u00f3n que encabeza Enrique Vargas del Villar.<\/b><\/h5>\n<p id=\"yui_3_16_0_ym19_1_1463413877643_14449\" class=\"yiv5921996635MsoNormal\" style=\"text-align: justify;\">\u00a0\u00a0<span id=\"yui_3_16_0_ym19_1_1463413877643_14447\">Enrique Vargas del Villar, presidente municipal de Huixquilucan, entreg\u00f3 a la comunidad estudiantil, personal docente y padres de familia, la rehabilitaci\u00f3n del jard\u00edn de ni\u00f1os \u201cSalvador Novo\u201d, ubicado en la colonia San Fernando.<\/span><\/p>\n<p id=\"yui_3_16_0_ym19_1_1463413877643_14463\" class=\"yiv5921996635MsoNormal\" style=\"text-align: justify;\">\u00a0<span id=\"yui_3_16_0_ym19_1_1463413877643_14445\">Acompa\u00f1ado de Romina Contreras Carrasco, presidenta del Sistema para el Desarrollo Integral de la Familia (DIF) Huixquilucan, integrantes del Cabildo y servidores p\u00fablicos municipales, Vargas del Villar, asegur\u00f3 que la entrega de \u00e9sta obra, demuestra con hechos la nueva forma de hacer las cosas en el gobierno municipal.<\/span><\/p>\n<p id=\"yui_3_16_0_ym19_1_1463413877643_14444\" class=\"yiv5921996635MsoNormal\" style=\"text-align: justify;\">\u00a0Reiter\u00f3, que la administraci\u00f3n 2016-2018 trabaja para beneficio de los habitantes; al tiempo que felicit\u00f3 a los servidores p\u00fablicos del DIF Huixquilucan, por la labor que realizan. Abund\u00f3, que muchas personas reconocen el trabajo, ya que varios sectores de la sociedad que hab\u00edan sido olvidados, hoy son tomados en cuenta por este organismo descentralizado.<\/p>\n<p id=\"yui_3_16_0_ym19_1_1463413877643_14464\" class=\"yiv5921996635MsoNormal\" style=\"text-align: justify;\">\u00a0<span id=\"yui_3_16_0_ym19_1_1463413877643_14465\">En tanto, la presidenta del DIF Huixquilucan, Romina Contreras Carrasco, asegur\u00f3 que la rehabilitaci\u00f3n del jard\u00edn de ni\u00f1os \u201cSalvador Novo\u201d, era una prioridad para que los ni\u00f1os tengan condiciones dignas en donde estudiar.<\/span><\/p>\n<p id=\"yui_3_16_0_ym19_1_1463413877643_14442\" class=\"yiv5921996635MsoNormal\" style=\"text-align: justify;\">\u00a0<span id=\"yui_3_16_0_ym19_1_1463413877643_14467\">Record\u00f3, que la actual administraci\u00f3n recibi\u00f3 los 15 planteles educativos, pertenecientes al DIF, en condiciones deplorables, tanto en los m\u00f3dulos sanitarios como en techos, pintura y estructura. \u201cPor eso naci\u00f3 el sue\u00f1o de rehabilitar cada preescolar dependiente del DIF, porque para \u00e9ste Gobierno los ni\u00f1os son una prioridad\u201d, sostuvo.<\/span><\/p>\n<p id=\"yui_3_16_0_ym19_1_1463413877643_14441\" class=\"yiv5921996635MsoNormal\" style=\"text-align: justify;\">\u00a0<span id=\"yui_3_16_0_ym19_1_1463413877643_14439\">Alejandro S\u00e1nchez Dom\u00ednguez, director General de Infraestructura y Edificaci\u00f3n, detall\u00f3 que la rehabilitaci\u00f3n del plantel consisti\u00f3 en el\u00a0\u00a0suministro de tezontle para relleno de la loza en la azotea, la colocaci\u00f3n de un entortado para manejar las pendientes de agua, impermeabilizaci\u00f3n, aplicaci\u00f3n de pintura en muros y plafones, pintura de esmalte en superficies met\u00e1licas, sobre todo en mamparas de ba\u00f1o y puertas.<\/span><\/p>\n<p id=\"yui_3_16_0_ym19_1_1463413877643_14469\" class=\"yiv5921996635MsoNormal\" style=\"text-align: justify;\">\u00a0<span id=\"yui_3_16_0_ym19_1_1463413877643_14438\">As\u00ed como, la colocaci\u00f3n de loseta cer\u00e1mica en pisos de aulas, la rehabilitaci\u00f3n de m\u00f3dulos sanitarios, incluyendo sistema hidr\u00e1ulico, la reparaci\u00f3n de bajadas de aguas pluviales y limpieza del lugar, lo que requiri\u00f3 una inversi\u00f3n de 640 mil pesos, para beneficio de\u00a0\u00a0200 alumnos.<\/span><\/p>\n<p class=\"yiv5921996635MsoNormal\" style=\"text-align: justify;\">\n","protected":false},"excerpt":{"rendered":"<div class=\"mh-excerpt\"><p>\u00b7\u00a0\u00a0\u00a0\u00a0\u00a0\u00a0\u00a0\u00a0\u00a0El sistema municipal DIF proyecta rehabilitar 15 planteles educativos de nivel preescolar. \u00b7\u00a0\u00a0\u00a0\u00a0\u00a0\u00a0\u00a0\u00a0\u00a0Los ni\u00f1os son <a class=\"mh-excerpt-more\" href=\"https:\/\/foro1025.mx\/?p=874\" title=\"Concluye Huixquilucan rehabilitaci\u00f3n del Jard\u00edn de ni\u00f1os \u00abSalvador Novo\u00bb\">&#8230;<\/a><\/p>\n<\/div>","protected":false},"author":1,"featured_media":0,"comment_status":"open","ping_status":"open","sticky":false,"template":"","format":"standard","meta":{"footnotes":""},"categories":[1],"tags":[],"class_list":{"0":"post-874","1":"post","2":"type-post","3":"status-publish","4":"format-standard","6":"category-atizapan"},"_links":{"self":[{"href":"https:\/\/foro1025.mx\/index.php?rest_route=\/wp\/v2\/posts\/874","targetHints":{"allow":["GET"]}}],"collection":[{"href":"https:\/\/foro1025.mx\/index.php?rest_route=\/wp\/v2\/posts"}],"about":[{"href":"https:\/\/foro1025.mx\/index.php?rest_route=\/wp\/v2\/types\/post"}],"author":[{"embeddable":true,"href":"https:\/\/foro1025.mx\/index.php?rest_route=\/wp\/v2\/users\/1"}],"replies":[{"embeddable":true,"href":"https:\/\/foro1025.mx\/index.php?rest_route=%2Fwp%2Fv2%2Fcomments&post=874"}],"version-history":[{"count":1,"href":"https:\/\/foro1025.mx\/index.php?rest_route=\/wp\/v2\/posts\/874\/revisions"}],"predecessor-version":[{"id":876,"href":"https:\/\/foro1025.mx\/index.php?rest_route=\/wp\/v2\/posts\/874\/revisions\/876"}],"wp:attachment":[{"href":"https:\/\/foro1025.mx\/index.php?rest_route=%2Fwp%2Fv2%2Fmedia&parent=874"}],"wp:term":[{"taxonomy":"category","embeddable":true,"href":"https:\/\/foro1025.mx\/index.php?rest_route=%2Fwp%2Fv2%2Fcategories&post=874"},{"taxonomy":"post_tag","embeddable":true,"href":"https:\/\/foro1025.mx\/index.php?rest_route=%2Fwp%2Fv2%2Ftags&post=874"}],"curies":[{"name":"wp","href":"https:\/\/api.w.org\/{rel}","templated":true}]}}