{"id":8806,"date":"2020-02-11T15:18:30","date_gmt":"2020-02-11T21:18:30","guid":{"rendered":"https:\/\/foro1025.mx\/?p=8806"},"modified":"2020-02-11T15:18:30","modified_gmt":"2020-02-11T21:18:30","slug":"tlalnepantla-foro-cultural-del-estado-de-mexico","status":"publish","type":"post","link":"https:\/\/foro1025.mx\/?p=8806","title":{"rendered":"Tlalnepantla, foro cultural del Estado de M\u00e9xico"},"content":{"rendered":"<p class=\"p5\">Tlalnepantla trabaja para convertirse en un foro a nivel nacional en el que se difunda la cultura del Estado de M\u00e9xico. Raciel P\u00e9rez Cruz, Alcalde de Nuestra Ciudad, indic\u00f3 que el gobierno que encabeza realiza actividades en las que participan artesanos de otras demarcaciones, con el fin de generar identidad a trav\u00e9s de nuestras tradiciones y promover el hermanamiento entre los municipios de la entidad.<\/p>\n<p class=\"p5\">En el marco del D\u00eda del amor y la amistad, el viernes 14 de febrero a las 20:00 horas se presentar\u00e1 la \u00danica e Internacional Sonora Santanera en la Plaza C\u00edvica Dr. Gustavo Baz. Del 14 al 16 de 11:00 a 21:00 horas se instalar\u00e1 la Feria del Calzado Tlalnepantla-San Mateo Atenco, donde se ofertar\u00e1n productos de calidad a precios accesibles para apoyar la econom\u00eda de la ciudadan\u00eda.<\/p>\n<p class=\"p5\">P\u00e9rez Cruz se\u00f1al\u00f3 que estas actividades ayudan a restaurar el tejido social a trav\u00e9s de la convivencia, en una fecha con mucho significado para la ciudadan\u00eda que manifiesta la alegr\u00eda y todo lo que despierta esa emoci\u00f3n humana revolucionaria que es el amor.<\/p>\n<p class=\"p5\">Indic\u00f3 que el Gobierno de Tlalnepantla es un referente cultural ya que realiz\u00f3 una Feria del libro, el Festival de las juventudes y de D\u00eda de muertos \u2018Mictlalnepantla\u2019, a los que asistieron miles de ciudadanos, eventos que se volver\u00e1n a llevar a cabo este a\u00f1o.<\/p>\n<p class=\"p5\">Destac\u00f3 que productores de Atlacomulco realizaron en Nuestra Ciudad una feria de flores y se invitar\u00e1 a los artesanos de Temoaya para que difundan y vendan los tapetes que fabrican en ese municipio.<\/p>\n<p class=\"p5\">Antonio Mel\u00e9ndez, decano y uno de los fundadores de la \u00danica e Internacional Sonora Santanera asever\u00f3 que esta actuaci\u00f3n forma parte de los festejos por su 65 aniversario y la presentaci\u00f3n del nuevo material que se escuchar\u00e1 por primera vez en Nuestra Ciudad.<\/p>\n<p class=\"p5\">Acompa\u00f1aron al Presidente Municipal, Siddhartha Garc\u00eda Garc\u00eda, Titular del Instituto Municipal de la Cultura y las Artes, Luis Gonz\u00e1lez N\u00fa\u00f1ez, Noveno Regidor de San Mateo Atenco e integrantes fundadores de la \u00danica e Internacional Sonora Santanera.<\/p>\n","protected":false},"excerpt":{"rendered":"<div class=\"mh-excerpt\"><p>Tlalnepantla trabaja para convertirse en un foro a nivel nacional en el que se difunda <a class=\"mh-excerpt-more\" href=\"https:\/\/foro1025.mx\/?p=8806\" title=\"Tlalnepantla, foro cultural del Estado de M\u00e9xico\">&#8230;<\/a><\/p>\n<\/div>","protected":false},"author":1,"featured_media":0,"comment_status":"closed","ping_status":"closed","sticky":false,"template":"","format":"standard","meta":{"footnotes":""},"categories":[20,16],"tags":[],"class_list":{"0":"post-8806","1":"post","2":"type-post","3":"status-publish","4":"format-standard","6":"category-cultura","7":"category-tlalnepantla"},"_links":{"self":[{"href":"https:\/\/foro1025.mx\/index.php?rest_route=\/wp\/v2\/posts\/8806","targetHints":{"allow":["GET"]}}],"collection":[{"href":"https:\/\/foro1025.mx\/index.php?rest_route=\/wp\/v2\/posts"}],"about":[{"href":"https:\/\/foro1025.mx\/index.php?rest_route=\/wp\/v2\/types\/post"}],"author":[{"embeddable":true,"href":"https:\/\/foro1025.mx\/index.php?rest_route=\/wp\/v2\/users\/1"}],"replies":[{"embeddable":true,"href":"https:\/\/foro1025.mx\/index.php?rest_route=%2Fwp%2Fv2%2Fcomments&post=8806"}],"version-history":[{"count":1,"href":"https:\/\/foro1025.mx\/index.php?rest_route=\/wp\/v2\/posts\/8806\/revisions"}],"predecessor-version":[{"id":8808,"href":"https:\/\/foro1025.mx\/index.php?rest_route=\/wp\/v2\/posts\/8806\/revisions\/8808"}],"wp:attachment":[{"href":"https:\/\/foro1025.mx\/index.php?rest_route=%2Fwp%2Fv2%2Fmedia&parent=8806"}],"wp:term":[{"taxonomy":"category","embeddable":true,"href":"https:\/\/foro1025.mx\/index.php?rest_route=%2Fwp%2Fv2%2Fcategories&post=8806"},{"taxonomy":"post_tag","embeddable":true,"href":"https:\/\/foro1025.mx\/index.php?rest_route=%2Fwp%2Fv2%2Ftags&post=8806"}],"curies":[{"name":"wp","href":"https:\/\/api.w.org\/{rel}","templated":true}]}}