{"id":8810,"date":"2020-02-13T14:51:03","date_gmt":"2020-02-13T20:51:03","guid":{"rendered":"https:\/\/foro1025.mx\/?p=8810"},"modified":"2020-02-13T14:53:22","modified_gmt":"2020-02-13T20:53:22","slug":"pone-en-marcha-alfredo-del-mazo-programa-de-educacion-inicial-bebesfuertes","status":"publish","type":"post","link":"https:\/\/foro1025.mx\/?p=8810","title":{"rendered":"Pone en marcha Alfredo del Mazo, \u00abPrograma de Educaci\u00f3n Inicial Beb\u00e9s+Fuertes\u00bb"},"content":{"rendered":"<p class=\"p5\"><i>\u2022 Puntualiza Gobernador que este programa tiene el objetivo de mejorar las oportunidades de desarrollo de los menores de entre cero a tres a\u00f1os, ya que esta etapa es fundamental en el crecimiento de los peque\u00f1os.<\/i><\/p>\n<p class=\"p5\"><i>\u2022 Explica que, en su fase inicial, el programa comenzar\u00e1 a trabajar con familias de Lerma y conf\u00eda en que ser\u00e1 replicado en otras regiones del Edom\u00e9x.<\/i><\/p>\n<p class=\"p5\"><i>\u2022 Anuncia Del Mazo Maza que para fortalecer la educaci\u00f3n de los menores mexiquenses, a partir del pr\u00f3ximo ciclo escolar se impartir\u00e1 el primer a\u00f1o de preescolar, para 80 mil ni\u00f1os de todo el Estado de M\u00e9xico.<\/i><\/p>\n<p class=\"p5\"><i>\u2022 Recalca que con este programa la administraci\u00f3n estatal cumple con el Pacto por la primera infancia, que a nivel nacional busca que los menores tengan acceso a pr\u00e1cticas de aprendizaje que les permitan un mayor desarrollo.<\/i><\/p>\n<p class=\"p5\"><b>Lerma, Estado de M\u00e9xico.-<\/b>\u00a0El Gobernador Alfredo Del Mazo Maza puso en marcha el Programa de Educaci\u00f3n Inicial Beb\u00e9s + Fuertes con la finalidad de impulsar el desarrollo integral de ni\u00f1as y ni\u00f1os menores de tres a\u00f1os de edad, as\u00ed como de sus familias.<\/p>\n<p><img loading=\"lazy\" decoding=\"async\" class=\"aligncenter size-large wp-image-8812\" src=\"https:\/\/foro1025.mx\/wp-content\/uploads\/2020\/02\/zC98A4510-1024x852.jpg\" alt=\"\" width=\"1024\" height=\"852\" \/><\/p>\n<p class=\"p5\">En este marco, el mandatario estatal puntualiz\u00f3 que su administraci\u00f3n trabaja para que todos los menores de ese rango de edad tengan las mismas oportunidades de crecimiento, pues, refiri\u00f3 que esta etapa es fundamental en los peque\u00f1os porque en ella desarrollan capacidades motrices, de lenguaje, de comunicaci\u00f3n o razonamiento, y por ello necesitan un est\u00edmulo adecuado.<\/p>\n<p class=\"p5\">\u201cLo que hagamos de los cero a los tres a\u00f1os, o hasta los cinco a\u00f1os, es fundamental para todo lo que venga el d\u00eda de ma\u00f1ana, para su capacidad de aprender, para su capacidad de relacionarse, para su capacidad motriz, tambi\u00e9n, de lenguaje, de comunicaci\u00f3n, de aprendizaje, de razonamiento y por eso queremos apostarle a que desde que nacen los ni\u00f1os les podamos dar las mejores herramientas para que aprendan, para que crezcan, para que se desarrollen y por eso hoy lanzamos este programa que se llama Beb\u00e9s + Fuertes\u201d, explic\u00f3.<\/p>\n<p class=\"p5\">Alfredo Del Mazo precis\u00f3 que en su fase inicial, el programa comenzar\u00e1 a trabajar con familias de Lerma, las cuales ser\u00e1n atendidas por<span class=\"Apple-converted-space\">\u00a0 <\/span>especialistas con experiencia en pedagog\u00eda, que han trabajado como educadores y conocen estrategias de aprendizaje y educaci\u00f3n familiar.<\/p>\n<p class=\"p5\">En el campus de la Universidad Tecnol\u00f3gica del Valle de Toluca, en Lerma, el Gobernador especific\u00f3 que el programa Beb\u00e9s + Fuertes est\u00e1 dividido en tres etapas, en la primera los padres de familia ser\u00e1n guiados por especialistas en educaci\u00f3n y salud, para que conozcan t\u00e9cnicas de aprendizaje, a trav\u00e9s de reuniones grupales cada semana.<\/p>\n<p class=\"p5\">La segunda fase, abund\u00f3, constar\u00e1 de visitas mensuales a cada hogar, para evaluar resultados y hacer los ajustes necesarios al proceso, mientras que en la tercera se dar\u00e1 seguimiento al desarrollo de los peque\u00f1os, con apoyo de material did\u00e1ctico, como la gu\u00eda de padres \u201cEducar Ni\u00f1os Sanos y Felices\u201d, adem\u00e1s de un libro de cuentos para fortalecer la comunicaci\u00f3n, as\u00ed como un manual sobre emociones, para saber relacionarse sanamente con los hijos y apoyarlos mejor.<\/p>\n<p class=\"p5\">\u201cEl primero es reuniones grupales, en donde todos ustedes se van a estar reuniendo en distintos espacios del municipio, ya sea en escuelas, en espacios de cultura, en \u00e1reas municipales para aprender, para que reciban estas herramientas para ayudarles a desarrollar la actividad motriz, de lenguaje, de comunicaci\u00f3n de sus peque\u00f1os beb\u00e9s.<\/p>\n<p class=\"p5\">\u201cDespu\u00e9s de esto, tendr\u00e1n tambi\u00e9n visitas en casa una vez al mes, para que vayan de la mano de ustedes viendo c\u00f3mo van aprendiendo sus hijos, c\u00f3mo se van desarrollando, c\u00f3mo les van ense\u00f1ando mejor a aprender y, adem\u00e1s de esto, se les van a dar unos libros, un material did\u00e1ctico para que ustedes puedan ayudarles a desarrollar las habilidades a sus hijos\u201d, especific\u00f3.<\/p>\n<p class=\"p5\">Frente a padres de familia beneficiarios de este programa, docentes de preescolar y el Alcalde de Lerma, Jaime Cervantes S\u00e1nchez, Del Mazo Maza refiri\u00f3 que estimular el aprendizaje de los menores es muy importante para su salud, pues en los primeros tres a\u00f1os de vida se desarrolla la mayor parte de sus habilidades y de su capacidad cerebral, ya que 80 por ciento de las conexiones neurol\u00f3gicas del cerebro de los ni\u00f1os se forma en este lapso.<\/p>\n<p class=\"p5\"><img loading=\"lazy\" decoding=\"async\" class=\"aligncenter size-large wp-image-8813\" src=\"https:\/\/foro1025.mx\/wp-content\/uploads\/2020\/02\/6-680x1024.jpg\" alt=\"\" width=\"680\" height=\"1024\" \/>Agreg\u00f3 que, como parte del apoyo que su administraci\u00f3n otorga a los menores de tres a\u00f1os y a sus familias, se cuenta con m\u00e1s de 140 salas de lactancia que se han creado o rehabilitado en el estado, y anunci\u00f3 que para fortalecer m\u00e1s su educaci\u00f3n, a partir del pr\u00f3ximo ciclo escolar se impartir\u00e1 el primer a\u00f1o de preescolar, en beneficio de m\u00e1s de 80 mil menores de todo el Edom\u00e9x.<\/p>\n<p class=\"p5\">\u201cEs la primera vez que vamos a tener el primer a\u00f1o de preescolar en el Estado de M\u00e9xico para 80 mil ni\u00f1os de todo el Estado de M\u00e9xico, y esto nos ayuda a abrirles este espacio a los peque\u00f1os de tres a\u00f1os a los cuatro a\u00f1os, para que puedan, desde esa edad, estar yendo a preescolar, y tambi\u00e9n nos ayuda a incrementar este compromiso de mayor presencia en el nivel preescolar en el Estado de M\u00e9xico\u201d, dio a conocer.<\/p>\n<p class=\"p5\">El Gobernador recalc\u00f3 que, con el inicio de este \u00a0programa, el Gobierno estatal cumple el compromiso del Pacto por la primera infancia,\u00a0un programa nacional que busca ayudar a los ni\u00f1os en sus primeros a\u00f1os de desarrollo, de los cero hasta casi los seis a\u00f1os, e incrementar el n\u00famero de beb\u00e9s que tengan acceso a una educaci\u00f3n inicial o a pr\u00e1cticas de crianza para sus padres.<\/p>\n<p class=\"p5\">En este evento tambi\u00e9n se proyect\u00f3 un video para presentar los detalles del nuevo programa, y en \u00e9l se indic\u00f3 que fue habilitada una aplicaci\u00f3n para tel\u00e9fonos celulares, la cual permitir\u00e1 saber las necesidades espec\u00edficas de las familias usuarias a trav\u00e9s de un cuestionario, con el que se pueden detectar tendencias que ayuden a focalizar los programas, y apoyar de manera m\u00e1s precisa a mam\u00e1s y pap\u00e1s.<\/p>\n<p class=\"p5\">El Secretario de Educaci\u00f3n, Alejandro Fern\u00e1ndez Campillo, apunt\u00f3 que este programa permitir\u00e1 que los ni\u00f1os tengan un aprendizaje con mayor aprovechamiento en futuros niveles escolares, y que la primera etapa que inicia en Lerma tendr\u00e1 una duraci\u00f3n de seis meses.<\/p>\n<p class=\"p5\">En el evento, padres de familia recibieron de manos del Gobernador, paquetes de los libros que forman parte del material did\u00e1ctico de este programa.<\/p>\n","protected":false},"excerpt":{"rendered":"<div class=\"mh-excerpt\"><p>\u2022 Puntualiza Gobernador que este programa tiene el objetivo de mejorar las oportunidades de desarrollo <a class=\"mh-excerpt-more\" href=\"https:\/\/foro1025.mx\/?p=8810\" title=\"Pone en marcha Alfredo del Mazo, \u00abPrograma de Educaci\u00f3n Inicial Beb\u00e9s+Fuertes\u00bb\">&#8230;<\/a><\/p>\n<\/div>","protected":false},"author":1,"featured_media":0,"comment_status":"closed","ping_status":"closed","sticky":false,"template":"","format":"standard","meta":{"footnotes":""},"categories":[13,39],"tags":[],"class_list":{"0":"post-8810","1":"post","2":"type-post","3":"status-publish","4":"format-standard","6":"category-estado-de-mexico","7":"category-principales"},"_links":{"self":[{"href":"https:\/\/foro1025.mx\/index.php?rest_route=\/wp\/v2\/posts\/8810","targetHints":{"allow":["GET"]}}],"collection":[{"href":"https:\/\/foro1025.mx\/index.php?rest_route=\/wp\/v2\/posts"}],"about":[{"href":"https:\/\/foro1025.mx\/index.php?rest_route=\/wp\/v2\/types\/post"}],"author":[{"embeddable":true,"href":"https:\/\/foro1025.mx\/index.php?rest_route=\/wp\/v2\/users\/1"}],"replies":[{"embeddable":true,"href":"https:\/\/foro1025.mx\/index.php?rest_route=%2Fwp%2Fv2%2Fcomments&post=8810"}],"version-history":[{"count":1,"href":"https:\/\/foro1025.mx\/index.php?rest_route=\/wp\/v2\/posts\/8810\/revisions"}],"predecessor-version":[{"id":8816,"href":"https:\/\/foro1025.mx\/index.php?rest_route=\/wp\/v2\/posts\/8810\/revisions\/8816"}],"wp:attachment":[{"href":"https:\/\/foro1025.mx\/index.php?rest_route=%2Fwp%2Fv2%2Fmedia&parent=8810"}],"wp:term":[{"taxonomy":"category","embeddable":true,"href":"https:\/\/foro1025.mx\/index.php?rest_route=%2Fwp%2Fv2%2Fcategories&post=8810"},{"taxonomy":"post_tag","embeddable":true,"href":"https:\/\/foro1025.mx\/index.php?rest_route=%2Fwp%2Fv2%2Ftags&post=8810"}],"curies":[{"name":"wp","href":"https:\/\/api.w.org\/{rel}","templated":true}]}}