{"id":8869,"date":"2020-03-19T10:57:19","date_gmt":"2020-03-19T16:57:19","guid":{"rendered":"https:\/\/foro1025.mx\/?p=8869"},"modified":"2020-03-19T10:57:19","modified_gmt":"2020-03-19T16:57:19","slug":"nuacalpan-primer-municipio-en-instalar-consejo-de-emergencias-por-coronavirus","status":"publish","type":"post","link":"https:\/\/foro1025.mx\/?p=8869","title":{"rendered":"Nuacalpan, primer municipio en instalar consejo de emergencias por Coronavirus"},"content":{"rendered":"<p><em>El Gobierno de Naucalpan instal\u00f3 esta tarde el Consejo Municipal de Emergencias para la Atenci\u00f3n del Coronavirus COVID-19.<\/em><\/p>\n<p>Con ello, Naucalpan se convierte en el primer Municipio en crear un cuerpo colegiado que deliberar\u00e1 todos los d\u00edas para tomar medidas de prevenci\u00f3n y, en su caso, atenci\u00f3n de contagios por la nueva cepa.<br \/>\nTras su instalaci\u00f3n, el Consejo sesion\u00f3 y resolvi\u00f3 medidas emergentes para evitar la propagaci\u00f3n del virus entre la poblaci\u00f3n naucalpense. Uno de los acuerdos fue la repartici\u00f3n de kits sanitizantes a grupos vulnerables, a quienes se les dificulta el acceso a productos como gel desinfectante y cubrebocas.<br \/>\nPatricia Dur\u00e1n Reveles, Presidenta Municipal y quien encabeza el Consejo, se\u00f1al\u00f3 que la Administraci\u00f3n local ha informado oportunamente a la poblaci\u00f3n sobre medidas preventivas y n\u00fameros telef\u00f3nicos para orientarla, labor que se reforzar\u00e1 en los pr\u00f3ximos d\u00edas con volanteo y distribuci\u00f3n de carteles en el territorio municipal. Para ello, participar\u00e1n empleados municipales de todas las \u00e1reas que integran el Gobierno.<br \/>\n\u201cAnte la amenaza de la epidemia de coronavirus COVID-19 en nuestro territorio, la mejor forma de hacer frente a dicha enfermedad es establecer una coordinaci\u00f3n eficaz con las diferentes instancias para prevenir el contagio.<br \/>\n\u201cEste Consejo tiene por objeto aplicar acciones inmediatas de prevenci\u00f3n, de primera fase, en apoyo al sector salud federal, estatal e instancias municipales, sectores productivos, escuelas y sociedad en general\u201d, afirm\u00f3 Dur\u00e1n Reveles.<br \/>\nUno de los acuerdos fue la aprobaci\u00f3n de presupuesto municipal para atender la emergencia sanitaria, en funci\u00f3n de- las necesidades de cada \u00e1rea.<br \/>\nOtro de los puntos avalados fue que se suspender\u00e1n vacaciones y permisos para faltar al personal de Protecci\u00f3n Civil y Bomberos, a fin de contar con el mayor cuerpo de rescatistas posible. Actualmente la dependencia cuenta con 142 elementos que atender\u00e1n emergencias las 24 horas del d\u00eda. Se espera que los tiempos de respuesta sean de aproximadamente 3 minutos.<br \/>\nLa misma medida se aplicar\u00e1 al estado de fuerza que integra la Direcci\u00f3n de Seguridad Ciudadana y Tr\u00e1nsito Municipal. Unos 40 elementos del \u00e1rea de Proximidad realizar\u00e1n visitas a parques, a fin de invitar a ni\u00f1os y adultos a que respeten la Jornada Nacional de Sana Distancia, resguard\u00e1ndose en sus viviendas.<br \/>\nAsimismo, se restringir\u00e1 a\u00fan m\u00e1s el acceso al Centro de Comando, Control, Comunicaci\u00f3n y Computo (C4), desde donde se coordinar\u00e1 la atenci\u00f3n telef\u00f3nica a la poblaci\u00f3n, tanto para orientar como para detectar posibles contagios. El Instituto Municipal de Atenci\u00f3n a la Salud (IMAS) ser\u00e1 el responsable de recibir y canalizar los eventuales contagios a los hospitales p\u00fablicos.<br \/>\nEn el Palacio Municipal, a partir del 23 de marzo y hasta el 17 de abril, mujeres embarazadas, adultos de 65 a\u00f1os o m\u00e1s y jefes de familia, podr\u00e1n ausentarse sin necesidad de justificar sus faltas.<br \/>\nEl Gobierno municipal garantiza la dotaci\u00f3n de servicios p\u00fablicos, as\u00ed como la realizaci\u00f3n de tr\u00e1mites y permisos.<br \/>\nEl Consejo estar\u00e1 integrado por la Presidenta Municipal, Patricia Dur\u00e1n Reveles; el Primer S\u00edndico, Maximiliano Alexander R\u00e1bago, y la Segunda Regidora, Graciela Alexis Santos Garc\u00eda. Tambi\u00e9n forman parte los titulares del IMAS, OAPAS, la Direcci\u00f3n de Seguridad Ciudadana, las Secretar\u00edas de Servicios P\u00fablicos, Gobierno, del Ayuntamiento, Administraci\u00f3n y Tesorer\u00eda, as\u00ed como el Sistema Municipal DIF y la Direcci\u00f3n de Comunicaci\u00f3n.<br \/>\nLa sesi\u00f3n fue declarada permanente, por lo que los miembros sesionar\u00e1n todos los d\u00edas durante el tiempo que dure la contingencia sanitaria.<br \/>\nEn Naucalpan, hasta el momento no se reportan casos confirmados de personas contagiadas por coronavirus. Se exhorta a la ciudadan\u00eda a mantenerse informada a trav\u00e9s de las redes sociales del Municipio y los canales oficiales del Gobierno del Estado de M\u00e9xico y la Secretar\u00eda de Salud federal.<\/p>\n","protected":false},"excerpt":{"rendered":"<div class=\"mh-excerpt\"><p>El Gobierno de Naucalpan instal\u00f3 esta tarde el Consejo Municipal de Emergencias para la Atenci\u00f3n <a class=\"mh-excerpt-more\" href=\"https:\/\/foro1025.mx\/?p=8869\" title=\"Nuacalpan, primer municipio en instalar consejo de emergencias por Coronavirus\">&#8230;<\/a><\/p>\n<\/div>","protected":false},"author":1,"featured_media":0,"comment_status":"closed","ping_status":"closed","sticky":false,"template":"","format":"standard","meta":{"footnotes":""},"categories":[8],"tags":[],"class_list":{"0":"post-8869","1":"post","2":"type-post","3":"status-publish","4":"format-standard","6":"category-naucalpan"},"_links":{"self":[{"href":"https:\/\/foro1025.mx\/index.php?rest_route=\/wp\/v2\/posts\/8869","targetHints":{"allow":["GET"]}}],"collection":[{"href":"https:\/\/foro1025.mx\/index.php?rest_route=\/wp\/v2\/posts"}],"about":[{"href":"https:\/\/foro1025.mx\/index.php?rest_route=\/wp\/v2\/types\/post"}],"author":[{"embeddable":true,"href":"https:\/\/foro1025.mx\/index.php?rest_route=\/wp\/v2\/users\/1"}],"replies":[{"embeddable":true,"href":"https:\/\/foro1025.mx\/index.php?rest_route=%2Fwp%2Fv2%2Fcomments&post=8869"}],"version-history":[{"count":1,"href":"https:\/\/foro1025.mx\/index.php?rest_route=\/wp\/v2\/posts\/8869\/revisions"}],"predecessor-version":[{"id":8871,"href":"https:\/\/foro1025.mx\/index.php?rest_route=\/wp\/v2\/posts\/8869\/revisions\/8871"}],"wp:attachment":[{"href":"https:\/\/foro1025.mx\/index.php?rest_route=%2Fwp%2Fv2%2Fmedia&parent=8869"}],"wp:term":[{"taxonomy":"category","embeddable":true,"href":"https:\/\/foro1025.mx\/index.php?rest_route=%2Fwp%2Fv2%2Fcategories&post=8869"},{"taxonomy":"post_tag","embeddable":true,"href":"https:\/\/foro1025.mx\/index.php?rest_route=%2Fwp%2Fv2%2Ftags&post=8869"}],"curies":[{"name":"wp","href":"https:\/\/api.w.org\/{rel}","templated":true}]}}