{"id":8900,"date":"2020-03-23T20:26:39","date_gmt":"2020-03-24T02:26:39","guid":{"rendered":"https:\/\/foro1025.mx\/?p=8900"},"modified":"2020-03-23T20:26:39","modified_gmt":"2020-03-24T02:26:39","slug":"suspenden-actividades-en-verificentros-del-edomex","status":"publish","type":"post","link":"https:\/\/foro1025.mx\/?p=8900","title":{"rendered":"Suspenden actividades en verificentros del Edom\u00e9x"},"content":{"rendered":"<p class=\"p3\"><i>\u2022 Otorga GEM pr\u00f3rroga para verificaci\u00f3n vehicular.<\/i><\/p>\n<p class=\"p3\"><i>\u2022 Toman decisi\u00f3n de acuerdo con medidas sanitarias para prevenir riesgos de contagio por COVID-19.<\/i><\/p>\n<p class=\"p3\">Con el objetivo de dar cumplimiento a las medidas preventivas por COVID-19 y evitar posibles contagios, la Secretar\u00eda del Medio Ambiente del Gobierno del Estado de M\u00e9xico (SMA) a trav\u00e9s de la Direcci\u00f3n General de Prevenci\u00f3n y Control de la Contaminaci\u00f3n Atmosf\u00e9rica (DGPCCA), otorgar\u00e1 por \u00fanica ocasi\u00f3n una pr\u00f3rroga para realizar la verificaci\u00f3n vehicular, debido a que los Verificentros suspender\u00e1n actividades del 24 de marzo al 20 de abril de 2020.<\/p>\n<p class=\"p3\">La pr\u00f3rroga para realizar la verificaci\u00f3n vehicular, ser\u00e1 otorgada a los autos que porten hologramas con terminaci\u00f3n 7 u 8, as\u00ed como 3 o 4, colores rosa y rojo, correspondientes a los meses febrero-marzo y marzo-abril, respectivamente.<\/p>\n<p class=\"p3\">Los ciudadanos podr\u00e1n realizar la verificaci\u00f3n de sus autom\u00f3viles durante los meses de mayo y junio, sin hacerse acreedores a la multa por verificaci\u00f3n vehicular extempor\u00e1nea.<\/p>\n<p class=\"p3\">El pasado 30 de enero de 2020, la epidemia del coronavirus COVID-19 fue declarada por la Organizaci\u00f3n Mundial de la Salud (OMS) como una emergencia de salud p\u00fablica de importancia internacional y la decret\u00f3 como pandemia, que se ha extendido a diversos pa\u00edses en distintos continentes.<\/p>\n<p class=\"p3\">Es una emergencia que requiere una acci\u00f3n efectiva e inmediata de los gobiernos, las personas y las empresas, por lo que, con las acciones mencionadas, el Gobierno del Estado de M\u00e9xico, a trav\u00e9s de la Secretar\u00eda del Medio Ambiente estatal, busca prevenir posibles contagios acatando las medidas de prevenci\u00f3n sanitaria.<\/p>\n","protected":false},"excerpt":{"rendered":"<div class=\"mh-excerpt\"><p>\u2022 Otorga GEM pr\u00f3rroga para verificaci\u00f3n vehicular. \u2022 Toman decisi\u00f3n de acuerdo con medidas sanitarias <a class=\"mh-excerpt-more\" href=\"https:\/\/foro1025.mx\/?p=8900\" title=\"Suspenden actividades en verificentros del Edom\u00e9x\">&#8230;<\/a><\/p>\n<\/div>","protected":false},"author":1,"featured_media":0,"comment_status":"closed","ping_status":"closed","sticky":false,"template":"","format":"standard","meta":{"footnotes":""},"categories":[13],"tags":[],"class_list":{"0":"post-8900","1":"post","2":"type-post","3":"status-publish","4":"format-standard","6":"category-estado-de-mexico"},"_links":{"self":[{"href":"https:\/\/foro1025.mx\/index.php?rest_route=\/wp\/v2\/posts\/8900","targetHints":{"allow":["GET"]}}],"collection":[{"href":"https:\/\/foro1025.mx\/index.php?rest_route=\/wp\/v2\/posts"}],"about":[{"href":"https:\/\/foro1025.mx\/index.php?rest_route=\/wp\/v2\/types\/post"}],"author":[{"embeddable":true,"href":"https:\/\/foro1025.mx\/index.php?rest_route=\/wp\/v2\/users\/1"}],"replies":[{"embeddable":true,"href":"https:\/\/foro1025.mx\/index.php?rest_route=%2Fwp%2Fv2%2Fcomments&post=8900"}],"version-history":[{"count":1,"href":"https:\/\/foro1025.mx\/index.php?rest_route=\/wp\/v2\/posts\/8900\/revisions"}],"predecessor-version":[{"id":8902,"href":"https:\/\/foro1025.mx\/index.php?rest_route=\/wp\/v2\/posts\/8900\/revisions\/8902"}],"wp:attachment":[{"href":"https:\/\/foro1025.mx\/index.php?rest_route=%2Fwp%2Fv2%2Fmedia&parent=8900"}],"wp:term":[{"taxonomy":"category","embeddable":true,"href":"https:\/\/foro1025.mx\/index.php?rest_route=%2Fwp%2Fv2%2Fcategories&post=8900"},{"taxonomy":"post_tag","embeddable":true,"href":"https:\/\/foro1025.mx\/index.php?rest_route=%2Fwp%2Fv2%2Ftags&post=8900"}],"curies":[{"name":"wp","href":"https:\/\/api.w.org\/{rel}","templated":true}]}}