{"id":8923,"date":"2020-03-25T13:02:40","date_gmt":"2020-03-25T19:02:40","guid":{"rendered":"https:\/\/foro1025.mx\/?p=8923"},"modified":"2020-03-25T13:06:12","modified_gmt":"2020-03-25T19:06:12","slug":"darwin-eslava-anuncia-el-inicio-de-la-fase-2-por-covid-19","status":"publish","type":"post","link":"https:\/\/foro1025.mx\/?p=8923","title":{"rendered":"Darwin Eslava anuncia el inicio de la Fase 2 por COVID-19"},"content":{"rendered":"<p><a href=\"https:\/\/www.facebook.com\/DarwinEslavaMx\/videos\/208516490483976\/\">https:\/\/www.facebook.com\/DarwinEslavaMx\/videos\/208516490483976\/<\/a><\/p>\n<ul class=\"ul1\">\n<li class=\"li3\"><i>El Alcalde hace un llamado a la ciudadan\u00eda coacalquense a acatar las indicaciones que los diferentes niveles de gobierno emiten<\/i><\/li>\n<li class=\"li3\"><i>Detall\u00f3 c\u00f3mo aplica el cierre de <span class=\"Apple-converted-space\">\u00a0 <\/span>establecimientos y la operaci\u00f3n de los que permanecer\u00e1n abiertos<\/i><\/li>\n<\/ul>\n<p class=\"p4\">El Presidente Municipal, Darwin Eslava, reiter\u00f3 las medidas de seguridad y salud que se aplicar\u00e1n en Coacalco durante la Etapa 2 del Covid-19, por lo que exhorta a la ciudadan\u00eda, empresarios y comerciantes a cumplirlas puntualmente.<\/p>\n<p class=\"p4\">En las mismas se incluyen el cierre de establecimientos comerciales, la regulaci\u00f3n de los que permanecer\u00e1n abiertos y la aplicaci\u00f3n de acciones preventivas en favor de la sociedad en general.<\/p>\n<p class=\"p4\">El Alcalde detall\u00f3 que las unidades econ\u00f3micas de alto impacto que deben suspender todas sus actividades son bares, cantinas, discotecas, salones de baile, casinos, centros cheleros y botaneros, centros nocturnos.<\/p>\n<p class=\"p4\">De igual forma est\u00e1 medida incluye a cines, teatros, billares, gimnasios, albercas, spas, boliches, auditorios, salones de fiestas, centros deportivos y culturales, y la prohibici\u00f3n de eventos pol\u00edticos y religiosos.<\/p>\n<p class=\"p4\">Agreg\u00f3 que los restaurantes y locales de comida podr\u00e1n seguir operando bajo el esquema de entrega en el sitio o de entrega a domicilio.<\/p>\n<p class=\"p4\">En cuanto a supermercados, tiendas de conveniencia, miscel\u00e1neas y mercados, estos seguir\u00e1n operando con las medidas de prevenci\u00f3n que incluyen la sana distancia, dosificar la entrada de la clientela y tener un aforo del 25 por ciento de su capacidad durante esta fase.<\/p>\n<p class=\"p4\">Las plazas comerciales, por su parte, limitar\u00e1n los espacios para llegar exclusivamente a los locales que pueden ofrecer alg\u00fan servicio.<\/p>\n<p class=\"p4\">Otros negocios que podr\u00e1n operar con restricciones son los centros de servicios, talleres, tiendas de comida para mascotas as\u00ed como las tiendas departamentales, las cuales solo podr\u00e1n comerciar productos de primera necesidad.<\/p>\n<p class=\"p4\">Para quienes no acaten est\u00e1s disposici\u00f3n las multas ya se encuentran tipificadas en el C\u00f3digo de Procedimientos Administrativos del Estado de M\u00e9xico y la Ley de Competitividad y Ordenamiento Comercial del Edomex.<\/p>\n<p class=\"p4\">\u00abReconozco la disposici\u00f3n de los empresarios, l\u00edderes comerciales y comerciantes en general por sumarse a esta medida\u00bb, resalt\u00f3 Darwin Eslava.<\/p>\n<p class=\"p4\">Esta semana la Direcci\u00f3n de Desarrollo Econ\u00f3mico municipal inform\u00f3 que el Centro de Atenci\u00f3n Empresarial de Coacalco (CAEC) ampli\u00f3 el plazo para el tr\u00e1mite de licencias de funcionamiento hasta el 31 de mayo as\u00ed como para la inscripci\u00f3n<span class=\"Apple-converted-space\">\u00a0 <\/span>y actualizaci\u00f3n al registro municipal de unidades econ\u00f3micas 2020.<\/p>\n<p class=\"p4\">De igual forma, el \u00e1rea de Abasto y Comercio<span class=\"Apple-converted-space\">\u00a0 <\/span>suspender\u00e1 cobros de Derecho de Piso en Tianguis y V\u00eda P\u00fablica hasta el 20 de abril, as\u00ed como la ampliaci\u00f3n al 31 de mayo para la regularizaci\u00f3n y actualizaci\u00f3n (c\u00e9dulas) de puestos en v\u00eda p\u00fablica y, locales y planchas en mercados municipales.<\/p>\n<p class=\"p4\">Por \u00faltimo, el alcalde indico que hasta este martes 24 de marzo no se tiene reporte<\/p>\n","protected":false},"excerpt":{"rendered":"<div class=\"mh-excerpt\"><p>El Alcalde hace un llamado a la ciudadan\u00eda coacalquense a acatar las indicaciones que los <a class=\"mh-excerpt-more\" href=\"https:\/\/foro1025.mx\/?p=8923\" title=\"Darwin Eslava anuncia el inicio de la Fase 2 por COVID-19\">&#8230;<\/a><\/p>\n<\/div>","protected":false},"author":1,"featured_media":0,"comment_status":"closed","ping_status":"closed","sticky":false,"template":"","format":"standard","meta":{"footnotes":""},"categories":[7],"tags":[],"class_list":{"0":"post-8923","1":"post","2":"type-post","3":"status-publish","4":"format-standard","6":"category-coacalco"},"_links":{"self":[{"href":"https:\/\/foro1025.mx\/index.php?rest_route=\/wp\/v2\/posts\/8923","targetHints":{"allow":["GET"]}}],"collection":[{"href":"https:\/\/foro1025.mx\/index.php?rest_route=\/wp\/v2\/posts"}],"about":[{"href":"https:\/\/foro1025.mx\/index.php?rest_route=\/wp\/v2\/types\/post"}],"author":[{"embeddable":true,"href":"https:\/\/foro1025.mx\/index.php?rest_route=\/wp\/v2\/users\/1"}],"replies":[{"embeddable":true,"href":"https:\/\/foro1025.mx\/index.php?rest_route=%2Fwp%2Fv2%2Fcomments&post=8923"}],"version-history":[{"count":2,"href":"https:\/\/foro1025.mx\/index.php?rest_route=\/wp\/v2\/posts\/8923\/revisions"}],"predecessor-version":[{"id":8929,"href":"https:\/\/foro1025.mx\/index.php?rest_route=\/wp\/v2\/posts\/8923\/revisions\/8929"}],"wp:attachment":[{"href":"https:\/\/foro1025.mx\/index.php?rest_route=%2Fwp%2Fv2%2Fmedia&parent=8923"}],"wp:term":[{"taxonomy":"category","embeddable":true,"href":"https:\/\/foro1025.mx\/index.php?rest_route=%2Fwp%2Fv2%2Fcategories&post=8923"},{"taxonomy":"post_tag","embeddable":true,"href":"https:\/\/foro1025.mx\/index.php?rest_route=%2Fwp%2Fv2%2Ftags&post=8923"}],"curies":[{"name":"wp","href":"https:\/\/api.w.org\/{rel}","templated":true}]}}