{"id":8926,"date":"2020-03-25T13:03:57","date_gmt":"2020-03-25T19:03:57","guid":{"rendered":"https:\/\/foro1025.mx\/?p=8926"},"modified":"2020-03-25T13:03:57","modified_gmt":"2020-03-25T19:03:57","slug":"raciel-perez-cruz-tomo-protesta-a-rafael-chacon-villagran-como-director-general-del-sistema-municipal-dif-tlalnepantla","status":"publish","type":"post","link":"https:\/\/foro1025.mx\/?p=8926","title":{"rendered":"Raciel P\u00e9rez Cruz, tom\u00f3 protesta a Rafael Chac\u00f3n Villagr\u00e1n, como Director General del Sistema Municipal DIF-Tlalnepantla"},"content":{"rendered":"<p>Raciel P\u00e9rez Cruz tom\u00f3 protesta a Rafael Chac\u00f3n Villagr\u00e1n como nuevo Director General del Sistema Municipal para el Desarrollo Integral de la Familia (SMDIF).<\/p>\n<p>Chac\u00f3n Villagr\u00e1n, quien sustituye a Linda Guadalupe Arciniega \u00c1lvarez, es Licenciado en Derecho, cuenta con Maestr\u00eda en Derecho Administrativo por la Universidad Nacional Aut\u00f3noma de M\u00e9xico y con Doctorado en Derecho por el Centro en Ciencias Jur\u00eddicas y Criminol\u00f3gica actualmente se encuentra en proceso el grado de Posdoctorado en Derecho por el Centro en Ciencias Jur\u00eddicas y Criminol\u00f3gicas.<\/p>\n<p>Cuenta con una experiencia de m\u00e1s de 30 a\u00f1os de servicio y se ha desempe\u00f1ado como docente de nivel superior y maestr\u00eda, en cargos como Coordinador de la Unidad de Procuraci\u00f3n de Fondos y Asistencia Social del<br \/>\nSistema Municipal DIF de Tlalnepantla de Baz en la presente administraci\u00f3n, como Defensor Municipal de los Derechos Humanos en la<br \/>\nComisi\u00f3n De Derechos Humanos Del Estado De M\u00e9xico, Asesor Jur\u00eddico del Sistema Municipal DIF Nicol\u00e1s Romero, Asesor Jur\u00eddico del Sistema Municipal DIF Tlalnepantla de Baz, Asesor Jur\u00eddico de la C\u00e1mara de Diputados LX Legislatura, Director Comercial del Organismo P\u00fablico Descentralizado de Agua potable y Saneamiento, Jefe de Ejecuci\u00f3n y Rezago Fiscal de la Receptor\u00eda de Rentas del Gobierno del Estado de M\u00e9xico, Abogado de la Tesorer\u00eda H. Ayuntamiento de Tultitl\u00e1n entre otros.<\/p>\n","protected":false},"excerpt":{"rendered":"<div class=\"mh-excerpt\"><p>Raciel P\u00e9rez Cruz tom\u00f3 protesta a Rafael Chac\u00f3n Villagr\u00e1n como nuevo Director General del Sistema <a class=\"mh-excerpt-more\" href=\"https:\/\/foro1025.mx\/?p=8926\" title=\"Raciel P\u00e9rez Cruz, tom\u00f3 protesta a Rafael Chac\u00f3n Villagr\u00e1n, como Director General del Sistema Municipal DIF-Tlalnepantla\">&#8230;<\/a><\/p>\n<\/div>","protected":false},"author":1,"featured_media":0,"comment_status":"closed","ping_status":"closed","sticky":false,"template":"","format":"standard","meta":{"footnotes":""},"categories":[16],"tags":[],"class_list":{"0":"post-8926","1":"post","2":"type-post","3":"status-publish","4":"format-standard","6":"category-tlalnepantla"},"_links":{"self":[{"href":"https:\/\/foro1025.mx\/index.php?rest_route=\/wp\/v2\/posts\/8926","targetHints":{"allow":["GET"]}}],"collection":[{"href":"https:\/\/foro1025.mx\/index.php?rest_route=\/wp\/v2\/posts"}],"about":[{"href":"https:\/\/foro1025.mx\/index.php?rest_route=\/wp\/v2\/types\/post"}],"author":[{"embeddable":true,"href":"https:\/\/foro1025.mx\/index.php?rest_route=\/wp\/v2\/users\/1"}],"replies":[{"embeddable":true,"href":"https:\/\/foro1025.mx\/index.php?rest_route=%2Fwp%2Fv2%2Fcomments&post=8926"}],"version-history":[{"count":1,"href":"https:\/\/foro1025.mx\/index.php?rest_route=\/wp\/v2\/posts\/8926\/revisions"}],"predecessor-version":[{"id":8928,"href":"https:\/\/foro1025.mx\/index.php?rest_route=\/wp\/v2\/posts\/8926\/revisions\/8928"}],"wp:attachment":[{"href":"https:\/\/foro1025.mx\/index.php?rest_route=%2Fwp%2Fv2%2Fmedia&parent=8926"}],"wp:term":[{"taxonomy":"category","embeddable":true,"href":"https:\/\/foro1025.mx\/index.php?rest_route=%2Fwp%2Fv2%2Fcategories&post=8926"},{"taxonomy":"post_tag","embeddable":true,"href":"https:\/\/foro1025.mx\/index.php?rest_route=%2Fwp%2Fv2%2Ftags&post=8926"}],"curies":[{"name":"wp","href":"https:\/\/api.w.org\/{rel}","templated":true}]}}