{"id":8948,"date":"2020-03-25T16:57:19","date_gmt":"2020-03-25T22:57:19","guid":{"rendered":"https:\/\/foro1025.mx\/?p=8948"},"modified":"2020-03-25T16:57:19","modified_gmt":"2020-03-25T22:57:19","slug":"gobierno-de-coacalco-no-permitira-alteraciones-al-orden-publico-ante-contingencia-por-covid-19","status":"publish","type":"post","link":"https:\/\/foro1025.mx\/?p=8948","title":{"rendered":"Gobierno de Coacalco no permitir\u00e1 alteraciones al orden p\u00fablico ante contingencia por COVID-19"},"content":{"rendered":"<p class=\"p6\">\n<ul class=\"ul1\">\n<li class=\"li8\"><i>Se trabaja en conjunto con la Polic\u00eda Estatal y la Guardia Nacional para evitar desmanes<\/i><\/li>\n<li class=\"li8\"><i>El Alcalde exhorta a la ciudadan\u00eda a ser solidarios y tener tranquilidad<\/i><\/li>\n<\/ul>\n<p class=\"p10\">El Presidente Municpal, Darwin Eslava, advirti\u00f3 que durante el periodo de<span class=\"Apple-converted-space\">\u00a0 <\/span>contingencia sanitaria por el Covid-19, no se permitir\u00e1n alteraciones al orden p\u00fablico de ninguna \u00edndole por lo que llam\u00f3 a la poblaci\u00f3n a tener tranquilidad y denunciar posibles hechos delictivos.<\/p>\n<p class=\"p10\">Detall\u00f3 que en d\u00edas recientes se detectaron publicaciones, en redes sociales, que promueven actos il\u00edcitos en contra de centros comerciales, supermercados o tiendas de conveniencia por lo que ya se estableci\u00f3 un plan de prevenci\u00f3n en conjunto con la Polic\u00eda Estatal y la Guardia Nacional para evitar cualquier altercado al orden social.<\/p>\n<p class=\"p10\">Exhort\u00f3 a aquellas personas que las promueven a desistirse de estas pr\u00e1cticas porque se aplicar\u00e1 la ley correspondiente en caso de presentarse alguna alteraci\u00f3n.<\/p>\n<p class=\"p10\">De igual forma, llam\u00f3 a la ciudadan\u00eda a evitar reuniones o fiestas que se ten\u00edan programadas para estas fechas con el fin de<span class=\"Apple-converted-space\">\u00a0 <\/span>no colaborar en la propagaci\u00f3n del Covid-19.<\/p>\n<p class=\"p10\">\u201cSe les conmina a quedarse en casa, a hacer acciones con responsabilidad para cuidarnos entre todos\u201d, indic\u00f3.<\/p>\n<p class=\"p10\">Agreg\u00f3 que las diferentes \u00e1reas del municipio trabajan para enfrentar la contingencia y garantizar los servicios b\u00e1sicos que necesita la ciudadan\u00eda coacalquense como son el agua, la recolecci\u00f3n de basura y seguridad.<b><\/b><\/p>\n","protected":false},"excerpt":{"rendered":"<div class=\"mh-excerpt\"><p>Se trabaja en conjunto con la Polic\u00eda Estatal y la Guardia Nacional para evitar desmanes <a class=\"mh-excerpt-more\" href=\"https:\/\/foro1025.mx\/?p=8948\" title=\"Gobierno de Coacalco no permitir\u00e1 alteraciones al orden p\u00fablico ante contingencia por COVID-19\">&#8230;<\/a><\/p>\n<\/div>","protected":false},"author":1,"featured_media":0,"comment_status":"closed","ping_status":"closed","sticky":false,"template":"","format":"standard","meta":{"footnotes":""},"categories":[7,9],"tags":[],"class_list":{"0":"post-8948","1":"post","2":"type-post","3":"status-publish","4":"format-standard","6":"category-coacalco","7":"category-seguridad"},"_links":{"self":[{"href":"https:\/\/foro1025.mx\/index.php?rest_route=\/wp\/v2\/posts\/8948","targetHints":{"allow":["GET"]}}],"collection":[{"href":"https:\/\/foro1025.mx\/index.php?rest_route=\/wp\/v2\/posts"}],"about":[{"href":"https:\/\/foro1025.mx\/index.php?rest_route=\/wp\/v2\/types\/post"}],"author":[{"embeddable":true,"href":"https:\/\/foro1025.mx\/index.php?rest_route=\/wp\/v2\/users\/1"}],"replies":[{"embeddable":true,"href":"https:\/\/foro1025.mx\/index.php?rest_route=%2Fwp%2Fv2%2Fcomments&post=8948"}],"version-history":[{"count":1,"href":"https:\/\/foro1025.mx\/index.php?rest_route=\/wp\/v2\/posts\/8948\/revisions"}],"predecessor-version":[{"id":8950,"href":"https:\/\/foro1025.mx\/index.php?rest_route=\/wp\/v2\/posts\/8948\/revisions\/8950"}],"wp:attachment":[{"href":"https:\/\/foro1025.mx\/index.php?rest_route=%2Fwp%2Fv2%2Fmedia&parent=8948"}],"wp:term":[{"taxonomy":"category","embeddable":true,"href":"https:\/\/foro1025.mx\/index.php?rest_route=%2Fwp%2Fv2%2Fcategories&post=8948"},{"taxonomy":"post_tag","embeddable":true,"href":"https:\/\/foro1025.mx\/index.php?rest_route=%2Fwp%2Fv2%2Ftags&post=8948"}],"curies":[{"name":"wp","href":"https:\/\/api.w.org\/{rel}","templated":true}]}}