{"id":8954,"date":"2020-03-26T13:41:16","date_gmt":"2020-03-26T19:41:16","guid":{"rendered":"https:\/\/foro1025.mx\/?p=8954"},"modified":"2020-03-26T13:41:16","modified_gmt":"2020-03-26T19:41:16","slug":"refuerzan-policia-de-naucalpan-y-guardia-nacional-patrullajes-en-tiendas-y-supermercados","status":"publish","type":"post","link":"https:\/\/foro1025.mx\/?p=8954","title":{"rendered":"Refuerzan polic\u00eda de Naucalpan y Guardia Nacional patrullajes en tiendas y supermercados"},"content":{"rendered":"<div class=\"_2cuy _3dgx\" data-block=\"true\" data-editor=\"4s95j\" data-offset-key=\"ek0qf-0-0\">\n<div class=\"_1mf _1mj\" data-offset-key=\"ek0qf-0-0\"><span data-offset-key=\"ek0qf-0-0\">Polic\u00edas de la Direcci\u00f3n de Seguridad Ciudadana y Tr\u00e1nsito Municipal, as\u00ed como efectivos de la Guardia Nacional, reforzaron los operativos de vigilancia en supermercados, centros comerciales y tiendas departamentales. <\/span><\/div>\n<\/div>\n<div class=\"_2cuy _3dgx\" data-block=\"true\" data-editor=\"4s95j\" data-offset-key=\"6603s-0-0\">\n<div class=\"_1mf _1mj\" data-offset-key=\"6603s-0-0\"><span data-offset-key=\"6603s-0-0\">Lo anterior, como medida preventiva tanto en establecimientos abiertos como aquellos que permanecer\u00e1n cerrados como parte de las medidas dictadas por el Gobernador del Estado de M\u00e9xico durante la contingencia sanitaria.<\/span><\/div>\n<\/div>\n<div class=\"_2cuy _3dgx\" data-block=\"true\" data-editor=\"4s95j\" data-offset-key=\"e8nj3-0-0\">\n<div class=\"_1mf _1mj\" data-offset-key=\"e8nj3-0-0\"><span data-offset-key=\"e8nj3-0-0\">Roberto Gir\u00f3n Salinas, Director de Seguridad Ciudadana, se\u00f1al\u00f3 que estas acciones son parte de los acuerdos del Consejo Municipal de Emergencias para la Atenci\u00f3n del Coronavirus COVID-19, a fin de que la gente que as\u00ed lo necesite pueda salir a hacer sus compras con tranquilidad, tomando las debidas precauciones para evitar contagios.<\/span><\/div>\n<\/div>\n<div class=\"_2cuy _3dgx\" data-block=\"true\" data-editor=\"4s95j\" data-offset-key=\"el04q-0-0\">\n<div class=\"_1mf _1mj\" data-offset-key=\"el04q-0-0\"><span data-offset-key=\"el04q-0-0\">Gir\u00f3n asegur\u00f3 que este trabajo conjunto con la Guardia Nacional es parte de los esfuerzos coordinados del Gobierno municipal y federal.<\/span><\/div>\n<\/div>\n<div class=\"_2cuy _3dgx\" data-block=\"true\" data-editor=\"4s95j\" data-offset-key=\"cdpab-0-0\">\n<div class=\"_1mf _1mj\" data-offset-key=\"cdpab-0-0\"><span data-offset-key=\"cdpab-0-0\">\u201cEstamos monitoreando a trav\u00e9s del C4 las zonas donde se tiene movimiento de gente, como son las tiendas de autoservicio o los mercados municipales, adem\u00e1s de estos recorridos para brindar a los naucalpenses tranquilidad al momento de salir a hacer sus compras\u201d, afirm\u00f3.<\/span><\/div>\n<\/div>\n<div class=\"_2cuy _3dgx\" data-block=\"true\" data-editor=\"4s95j\" data-offset-key=\"b7bsf-0-0\">\n<div class=\"_1mf _1mj\" data-offset-key=\"b7bsf-0-0\"><span data-offset-key=\"b7bsf-0-0\">Exhort\u00f3 a los naucalpenses para que, en caso de alguna situaci\u00f3n de emergencia, llamen al n\u00famero del C4, 5371 2250, para brindarles la atenci\u00f3n oportuna.<\/span><\/div>\n<\/div>\n<div class=\"_2cuy _3dgx\" data-block=\"true\" data-editor=\"4s95j\" data-offset-key=\"bo8rr-0-0\">\n<div class=\"_1mf _1mj\" data-offset-key=\"bo8rr-0-0\"><span data-offset-key=\"bo8rr-0-0\">Por otra parte, el mando policial conmin\u00f3 a la ciudadan\u00eda a que respeten las medidas de la Jornada Nacional de Sana Distancia y se resguarden en sus casas.<\/span><\/div>\n<\/div>\n<div class=\"_2cuy _3dgx\" data-block=\"true\" data-editor=\"4s95j\" data-offset-key=\"77dg0-0-0\">\n<div class=\"_1mf _1mj\" data-offset-key=\"77dg0-0-0\"><span data-offset-key=\"77dg0-0-0\">\u201cNosotros como polic\u00eda municipal estamos saliendo a las calles a cuidar a la ciudadan\u00eda, tomando las medidas preventivas necesarias, junto con los dem\u00e1s cuerpos de emergencia municipales, por ello le pedimos a la gente que se quede en casa\u201d, expres\u00f3.<\/span><\/div>\n<\/div>\n","protected":false},"excerpt":{"rendered":"<div class=\"mh-excerpt\"><p>Polic\u00edas de la Direcci\u00f3n de Seguridad Ciudadana y Tr\u00e1nsito Municipal, as\u00ed como efectivos de la <a class=\"mh-excerpt-more\" href=\"https:\/\/foro1025.mx\/?p=8954\" title=\"Refuerzan polic\u00eda de Naucalpan y Guardia Nacional patrullajes en tiendas y supermercados\">&#8230;<\/a><\/p>\n<\/div>","protected":false},"author":1,"featured_media":0,"comment_status":"closed","ping_status":"closed","sticky":false,"template":"","format":"standard","meta":{"footnotes":""},"categories":[8,9],"tags":[],"class_list":{"0":"post-8954","1":"post","2":"type-post","3":"status-publish","4":"format-standard","6":"category-naucalpan","7":"category-seguridad"},"_links":{"self":[{"href":"https:\/\/foro1025.mx\/index.php?rest_route=\/wp\/v2\/posts\/8954","targetHints":{"allow":["GET"]}}],"collection":[{"href":"https:\/\/foro1025.mx\/index.php?rest_route=\/wp\/v2\/posts"}],"about":[{"href":"https:\/\/foro1025.mx\/index.php?rest_route=\/wp\/v2\/types\/post"}],"author":[{"embeddable":true,"href":"https:\/\/foro1025.mx\/index.php?rest_route=\/wp\/v2\/users\/1"}],"replies":[{"embeddable":true,"href":"https:\/\/foro1025.mx\/index.php?rest_route=%2Fwp%2Fv2%2Fcomments&post=8954"}],"version-history":[{"count":1,"href":"https:\/\/foro1025.mx\/index.php?rest_route=\/wp\/v2\/posts\/8954\/revisions"}],"predecessor-version":[{"id":8956,"href":"https:\/\/foro1025.mx\/index.php?rest_route=\/wp\/v2\/posts\/8954\/revisions\/8956"}],"wp:attachment":[{"href":"https:\/\/foro1025.mx\/index.php?rest_route=%2Fwp%2Fv2%2Fmedia&parent=8954"}],"wp:term":[{"taxonomy":"category","embeddable":true,"href":"https:\/\/foro1025.mx\/index.php?rest_route=%2Fwp%2Fv2%2Fcategories&post=8954"},{"taxonomy":"post_tag","embeddable":true,"href":"https:\/\/foro1025.mx\/index.php?rest_route=%2Fwp%2Fv2%2Ftags&post=8954"}],"curies":[{"name":"wp","href":"https:\/\/api.w.org\/{rel}","templated":true}]}}