{"id":8973,"date":"2020-03-27T13:29:41","date_gmt":"2020-03-27T19:29:41","guid":{"rendered":"https:\/\/foro1025.mx\/?p=8973"},"modified":"2020-03-27T13:29:41","modified_gmt":"2020-03-27T19:29:41","slug":"via-telefonica-en-huixquilucan-se-brinda-apoyo-psicologico","status":"publish","type":"post","link":"https:\/\/foro1025.mx\/?p=8973","title":{"rendered":"V\u00eda telef\u00f3nica en Huixquilucan se brinda apoyo psicol\u00f3gico"},"content":{"rendered":"<div class=\"page\" title=\"Page 1\">\n<div class=\"section\">\n<div class=\"section\">\n<div class=\"layoutArea\">\n<div class=\"column\">\n<p>\uf0b7 En una accio\u0301n coordinada tambie\u0301n se busca atender casos de violencia intrafamiliar<\/p>\n<\/div>\n<\/div>\n<\/div>\n<div class=\"section\">\n<div class=\"layoutArea\">\n<div class=\"column\">\n<p>Como parte de la estrategia de atencio\u0301n integral a los huixquiluquenses, el gobierno municipal de Huixquilucan, encabezado por Enrique Vargas del Villar, brindara\u0301 atencio\u0301n psicolo\u0301gica a distancia y atendera\u0301 los casos de violencia intrafamiliar que pudieran presentarse durante los di\u0301as de permanencia en casa ante la fase 2 de contingencia por la pandemia del coronavirus COVID-19.<\/p>\n<p>Durante esta temporada, el gobierno municipal pone a disposicio\u0301n de la poblacio\u0301n los tele\u0301fonos del centro de mando 5552901529, 5536051440 y 41, asi\u0301 como la app c-Now, para apoyar a quienes sufran alguna agresio\u0301n al interior del hogar.<\/p>\n<p>En tanto que para la atencio\u0301n psicolo\u0301gica, el sistema municipal para el Desarrollo Integral de la Familia (DIF), habilito\u0301 la atencio\u0301n a la poblacio\u0301n a trave\u0301s de una li\u0301nea telefo\u0301nica, por lo que se le pide a los interesados enviar un mensaje al 5548223026, a efecto de brindar una mejor atencio\u0301n.<\/p>\n<p>Adicionalmente, desde el 23 de marzo el gobierno de Huixquilucan suspendio\u0301 las labores no esenciales en todas sus a\u0301reas, garantizando servicios ba\u0301sicos, asi\u0301 como los referentes a la seguridad y emergencias.<\/p>\n<\/div>\n<\/div>\n<\/div>\n<div class=\"section\">\n<div class=\"layoutArea\">\n<div class=\"column\">\n<p>El gobierno municipal exhorta a la poblacio\u0301n a continuar con las acciones de prevencio\u0301n fase 2, asi\u0301 como reforzar las medidas de higiene y apoyar el comercio local.<\/p>\n<\/div>\n<\/div>\n<\/div>\n<\/div>\n<\/div>\n","protected":false},"excerpt":{"rendered":"<div class=\"mh-excerpt\"><p>\uf0b7 En una accio\u0301n coordinada tambie\u0301n se busca atender casos de violencia intrafamiliar Como parte <a class=\"mh-excerpt-more\" href=\"https:\/\/foro1025.mx\/?p=8973\" title=\"V\u00eda telef\u00f3nica en Huixquilucan se brinda apoyo psicol\u00f3gico\">&#8230;<\/a><\/p>\n<\/div>","protected":false},"author":1,"featured_media":0,"comment_status":"closed","ping_status":"closed","sticky":false,"template":"","format":"standard","meta":{"footnotes":""},"categories":[17],"tags":[],"class_list":{"0":"post-8973","1":"post","2":"type-post","3":"status-publish","4":"format-standard","6":"category-huixquilucan"},"_links":{"self":[{"href":"https:\/\/foro1025.mx\/index.php?rest_route=\/wp\/v2\/posts\/8973","targetHints":{"allow":["GET"]}}],"collection":[{"href":"https:\/\/foro1025.mx\/index.php?rest_route=\/wp\/v2\/posts"}],"about":[{"href":"https:\/\/foro1025.mx\/index.php?rest_route=\/wp\/v2\/types\/post"}],"author":[{"embeddable":true,"href":"https:\/\/foro1025.mx\/index.php?rest_route=\/wp\/v2\/users\/1"}],"replies":[{"embeddable":true,"href":"https:\/\/foro1025.mx\/index.php?rest_route=%2Fwp%2Fv2%2Fcomments&post=8973"}],"version-history":[{"count":1,"href":"https:\/\/foro1025.mx\/index.php?rest_route=\/wp\/v2\/posts\/8973\/revisions"}],"predecessor-version":[{"id":8975,"href":"https:\/\/foro1025.mx\/index.php?rest_route=\/wp\/v2\/posts\/8973\/revisions\/8975"}],"wp:attachment":[{"href":"https:\/\/foro1025.mx\/index.php?rest_route=%2Fwp%2Fv2%2Fmedia&parent=8973"}],"wp:term":[{"taxonomy":"category","embeddable":true,"href":"https:\/\/foro1025.mx\/index.php?rest_route=%2Fwp%2Fv2%2Fcategories&post=8973"},{"taxonomy":"post_tag","embeddable":true,"href":"https:\/\/foro1025.mx\/index.php?rest_route=%2Fwp%2Fv2%2Ftags&post=8973"}],"curies":[{"name":"wp","href":"https:\/\/api.w.org\/{rel}","templated":true}]}}