{"id":8996,"date":"2020-03-31T09:46:22","date_gmt":"2020-03-31T15:46:22","guid":{"rendered":"https:\/\/foro1025.mx\/?p=8996"},"modified":"2020-03-31T09:46:22","modified_gmt":"2020-03-31T15:46:22","slug":"apoyara-gobierno-de-coacalco-a-sectores-vulnerables-por-emergencia-covid-19","status":"publish","type":"post","link":"https:\/\/foro1025.mx\/?p=8996","title":{"rendered":"Apoyar\u00e1 gobierno de Coacalco a sectores vulnerables por emergencia COVID-19"},"content":{"rendered":"<ul>\n<li>Entregar\u00e1 productos de primera necesidad a la poblaci\u00f3n con mayor necesidad<\/li>\n<\/ul>\n<p class=\"p8\"><b>\u00a0<\/b>Como parte de las acciones que el Gobierno de Coacalco realizar\u00e1 para blindar la econom\u00eda de los sectores vulnerables del municipio, durante el periodo de contingencia del Covid-19, entregar\u00e1 despensas y art\u00edculos de limpieza. <span class=\"Apple-converted-space\">\u00a0 \u00a0<\/span><\/p>\n<p class=\"p8\">El Presidente Municipal, Darwin Eslava, detall\u00f3 que se apoyar\u00e1 a estos sectores de Coacalco con la entrega de diversos productos alimenticios como verduras, at\u00fan, arroz, sopa.<\/p>\n<p class=\"p8\">\u201cSer\u00e1n v\u00edveres de primera necesidad en las zonas m\u00e1s vulnerables porque entendemos que una contingencia de este tipo debe afrontarse tambi\u00e9n con acciones que ayuden a la econom\u00eda de las familias\u201d, indic\u00f3.<span class=\"Apple-converted-space\">\u00a0 \u00a0<\/span><\/p>\n<p class=\"p8\">Agreg\u00f3 que es momento de que toda la ciudadan\u00eda sea responsable ante los hechos que se presentan y acate las medidas de prevenci\u00f3n; porque si bien no existe sociedad preparada para este tipo de contingencia, los mexicanos nos distinguimos por nuestra solidaridad y el trabajo en equipo.<\/p>\n<p class=\"p8\">El Alcalde subray\u00f3 que como gobierno se tiene asegurada la operatividad de las \u00e1reas esenciales del Ayuntamiento como lo son Seguridad P\u00fablica, Servicios P\u00fablicos, Protecci\u00f3n Civil y Bomberos, y el sector salud.<\/p>\n<p class=\"p8\">Subray\u00f3 que las percepciones de las y los servidores p\u00fablicos est\u00e1n garantizadas por lo que el Gobierno de Coacalco operar\u00e1 cotidianamente, aplicando las medidas de prevenci\u00f3n que se dicten.<\/p>\n<p class=\"p8\">A\u00f1adi\u00f3 que hasta este viernes 27 de marzo no se registra ning\u00fan caso confirmado de Covid-19 en el municipio.<b><\/b><\/p>\n","protected":false},"excerpt":{"rendered":"<div class=\"mh-excerpt\"><p>Entregar\u00e1 productos de primera necesidad a la poblaci\u00f3n con mayor necesidad \u00a0Como parte de las <a class=\"mh-excerpt-more\" href=\"https:\/\/foro1025.mx\/?p=8996\" title=\"Apoyar\u00e1 gobierno de Coacalco a sectores vulnerables por emergencia COVID-19\">&#8230;<\/a><\/p>\n<\/div>","protected":false},"author":1,"featured_media":0,"comment_status":"closed","ping_status":"closed","sticky":false,"template":"","format":"standard","meta":{"footnotes":""},"categories":[7],"tags":[],"class_list":{"0":"post-8996","1":"post","2":"type-post","3":"status-publish","4":"format-standard","6":"category-coacalco"},"_links":{"self":[{"href":"https:\/\/foro1025.mx\/index.php?rest_route=\/wp\/v2\/posts\/8996","targetHints":{"allow":["GET"]}}],"collection":[{"href":"https:\/\/foro1025.mx\/index.php?rest_route=\/wp\/v2\/posts"}],"about":[{"href":"https:\/\/foro1025.mx\/index.php?rest_route=\/wp\/v2\/types\/post"}],"author":[{"embeddable":true,"href":"https:\/\/foro1025.mx\/index.php?rest_route=\/wp\/v2\/users\/1"}],"replies":[{"embeddable":true,"href":"https:\/\/foro1025.mx\/index.php?rest_route=%2Fwp%2Fv2%2Fcomments&post=8996"}],"version-history":[{"count":1,"href":"https:\/\/foro1025.mx\/index.php?rest_route=\/wp\/v2\/posts\/8996\/revisions"}],"predecessor-version":[{"id":8998,"href":"https:\/\/foro1025.mx\/index.php?rest_route=\/wp\/v2\/posts\/8996\/revisions\/8998"}],"wp:attachment":[{"href":"https:\/\/foro1025.mx\/index.php?rest_route=%2Fwp%2Fv2%2Fmedia&parent=8996"}],"wp:term":[{"taxonomy":"category","embeddable":true,"href":"https:\/\/foro1025.mx\/index.php?rest_route=%2Fwp%2Fv2%2Fcategories&post=8996"},{"taxonomy":"post_tag","embeddable":true,"href":"https:\/\/foro1025.mx\/index.php?rest_route=%2Fwp%2Fv2%2Ftags&post=8996"}],"curies":[{"name":"wp","href":"https:\/\/api.w.org\/{rel}","templated":true}]}}