{"id":9096,"date":"2020-04-03T11:41:18","date_gmt":"2020-04-03T17:41:18","guid":{"rendered":"https:\/\/foro1025.mx\/?p=9096"},"modified":"2020-04-03T11:41:18","modified_gmt":"2020-04-03T17:41:18","slug":"gobierno-de-cuautitlan-continuara-apoyando-al-comercio-local","status":"publish","type":"post","link":"https:\/\/foro1025.mx\/?p=9096","title":{"rendered":"Gobierno de Cuautitl\u00e1n continuar\u00e1 apoyando al comercio local"},"content":{"rendered":"<p class=\"p8\">Se ampl\u00edan los t\u00e9rminos para la revalidaci\u00f3n de las licencias de funcionamiento<\/p>\n<p class=\"p10\">En apoyo al sector comercial de Cuautitl\u00e1n, el gobierno local implementa diversas acciones que permitan reactivar la econom\u00eda y otorgar est\u00edmulos a los establecimientos comerciales, peque\u00f1os empresarios y propietarios de locales comerciales, as\u00ed lo dio a conocer la Direcci\u00f3n de Desarrollo Econ\u00f3mico por lo que se ampliar\u00e1 las fechas para la revalidaci\u00f3n de las licencias de funcionamiento.<\/p>\n<p class=\"p10\">La dependencia inform\u00f3 que se extender\u00e1 el t\u00e9rmino del periodo de revalidaci\u00f3n de la Licencia de Funcionamiento 2020, hasta el d\u00eda 30 de abril del presente a\u00f1o y en caso de ser necesario se ampliar\u00e1 a un mes m\u00e1s.<\/p>\n<p class=\"p10\">Del mismo modo la dependencia exhorta a la poblaci\u00f3n cumplir con el resguardo domiciliarios corresponsable hasta el 30 de abril, as\u00ed como atender las medidas se\u00f1aladas en la Jornada Nacional de Sana distancia.<\/p>\n<p class=\"p10\">En seguimiento a las indicaciones sobre las medidas sanitarias que se deben seguir en todo momento, personal de la dependencia de Desarrollo Econ\u00f3mico municipal realiza recorridos en los locales comerciales para supervisar que se est\u00e9n atendiendo las recomendaciones b\u00e1sicas se\u00f1aladas por el gobierno federal, estatal y municipal.<\/p>\n<p class=\"p10\">Cabe se\u00f1alar que la Comisi\u00f3n Especial Multidisciplinaria para la atenci\u00f3n de la Contingencia por COVID-19 de Cuautitl\u00e1n, integrada por regidores, directores de \u00e1rea y coordinadores del gobierno local, est\u00e1 en sesi\u00f3n permanente para la atenci\u00f3n de cualquier eventualidad derivada de las recomendaciones por el gobierno federal.<\/p>\n<p class=\"p10\">De igual forma la Direcci\u00f3n de Seguridad P\u00fablica, Tr\u00e1nsito y Vialidad, en coordinaci\u00f3n con la Guardia Nacional, Fiscal\u00eda de justicia del Estado de M\u00e9xico; y polic\u00eda estatal, lleva a cabo recorridos de vigilancia de forma permanente en zonas comerciales, centro del municipio y comunidades m\u00e1s alejadas, con el objetivo de salvaguardar las propiedades y las personas.<\/p>\n<p class=\"p10\">En este sentido no se tolerar\u00e1n actos que pretendan desestabilizar la paz en la poblaci\u00f3n y que afecten a las inversiones dentro en Cuautitl\u00e1n, por lo que el gobierno municipal estar\u00e1 atento a cualquier denuncia ciudadana que permita evitar cualquier tipo de acto delictivo.<\/p>\n","protected":false},"excerpt":{"rendered":"<div class=\"mh-excerpt\"><p>Se ampl\u00edan los t\u00e9rminos para la revalidaci\u00f3n de las licencias de funcionamiento En apoyo al <a class=\"mh-excerpt-more\" href=\"https:\/\/foro1025.mx\/?p=9096\" title=\"Gobierno de Cuautitl\u00e1n continuar\u00e1 apoyando al comercio local\">&#8230;<\/a><\/p>\n<\/div>","protected":false},"author":1,"featured_media":0,"comment_status":"closed","ping_status":"closed","sticky":false,"template":"","format":"standard","meta":{"footnotes":""},"categories":[40],"tags":[],"class_list":{"0":"post-9096","1":"post","2":"type-post","3":"status-publish","4":"format-standard","6":"category-cuautitlan-mexico"},"_links":{"self":[{"href":"https:\/\/foro1025.mx\/index.php?rest_route=\/wp\/v2\/posts\/9096","targetHints":{"allow":["GET"]}}],"collection":[{"href":"https:\/\/foro1025.mx\/index.php?rest_route=\/wp\/v2\/posts"}],"about":[{"href":"https:\/\/foro1025.mx\/index.php?rest_route=\/wp\/v2\/types\/post"}],"author":[{"embeddable":true,"href":"https:\/\/foro1025.mx\/index.php?rest_route=\/wp\/v2\/users\/1"}],"replies":[{"embeddable":true,"href":"https:\/\/foro1025.mx\/index.php?rest_route=%2Fwp%2Fv2%2Fcomments&post=9096"}],"version-history":[{"count":1,"href":"https:\/\/foro1025.mx\/index.php?rest_route=\/wp\/v2\/posts\/9096\/revisions"}],"predecessor-version":[{"id":9098,"href":"https:\/\/foro1025.mx\/index.php?rest_route=\/wp\/v2\/posts\/9096\/revisions\/9098"}],"wp:attachment":[{"href":"https:\/\/foro1025.mx\/index.php?rest_route=%2Fwp%2Fv2%2Fmedia&parent=9096"}],"wp:term":[{"taxonomy":"category","embeddable":true,"href":"https:\/\/foro1025.mx\/index.php?rest_route=%2Fwp%2Fv2%2Fcategories&post=9096"},{"taxonomy":"post_tag","embeddable":true,"href":"https:\/\/foro1025.mx\/index.php?rest_route=%2Fwp%2Fv2%2Ftags&post=9096"}],"curies":[{"name":"wp","href":"https:\/\/api.w.org\/{rel}","templated":true}]}}