{"id":938,"date":"2016-05-27T12:34:04","date_gmt":"2016-05-27T17:34:04","guid":{"rendered":"https:\/\/foro1025.mx\/?p=938"},"modified":"2016-05-27T12:34:04","modified_gmt":"2016-05-27T17:34:04","slug":"pierde-la-vida-por-una-despensa-en-manifestacion-de-asiddena","status":"publish","type":"post","link":"https:\/\/foro1025.mx\/?p=938","title":{"rendered":"Pierde la vida por una despensa en manifestaci\u00f3n de ASIDDENA"},"content":{"rendered":"<p style=\"text-align: justify;\">Integrantes de la Asociaci\u00f3n Independiente Defensora de los Derechos de la Naci\u00f3n A. C. (ASIDDENA) de Jardines del Molinito, responsabilizan a su dirigente, Roberto L\u00f3pez Hern\u00e1ndez, del accidente ocurrido al realizar una manifestaci\u00f3n en Perif\u00e9rico Norte a la altura de Sat\u00e9lite que dej\u00f3 un saldo de una persona muerta y 10 lesionados.<\/p>\n<p style=\"text-align: justify;\">La ma\u00f1ana de este viernes, los vecinos de Jardines del Molinito, a cambio de obtener una despensa, fueron llevados por sus dirigentes a realizar una manifestaci\u00f3n para supuestamente demandar seguridad en transporte p\u00fablico, sin embargo no se tomaron las medidas de seguridad necesarias y los manifestantes fueron arrollados por el conductor de un veh\u00edculo particular marcha Chevy.<\/p>\n<p style=\"text-align: justify;\">Lamentablemente en el lugar, Gloria Rivera Mart\u00ednez, de 78 a\u00f1os de edad, perdi\u00f3 la vida y 10 m\u00e1s resultaron lesionados , los vecinos de Jardines del Molinito solicitaron apoyo de unidades de Seguridad Ciudadana, Protecci\u00f3n Civil y Cruz Roja ante el accidente, toda vez que sus dirigentes no atendieron la emergencia.<br \/>\nEn el lugar se atendi\u00f3 a los lesionados, cinco de los cuales fueron trasladados al hospital, en tanto que en el lugar de los hechos, los manifestantes exigen castigo para su dirigente, Roberto L\u00f3pez Hern\u00e1ndez, que \u201cellos nos trajeron, nos ofrecieron una despensa para venir a manifestarnos, pero no nos cuidan y ahora la se\u00f1ora ya perdi\u00f3 la vida y nos dejan solos, nos trajeron y no nos respaldan\u201d, dijo una vecina de Jardines del Molinito.<\/p>\n","protected":false},"excerpt":{"rendered":"<div class=\"mh-excerpt\"><p>Integrantes de la Asociaci\u00f3n Independiente Defensora de los Derechos de la Naci\u00f3n A. C. (ASIDDENA) <a class=\"mh-excerpt-more\" href=\"https:\/\/foro1025.mx\/?p=938\" title=\"Pierde la vida por una despensa en manifestaci\u00f3n de ASIDDENA\">&#8230;<\/a><\/p>\n<\/div>","protected":false},"author":1,"featured_media":0,"comment_status":"open","ping_status":"open","sticky":false,"template":"","format":"standard","meta":{"footnotes":""},"categories":[8,9],"tags":[],"class_list":{"0":"post-938","1":"post","2":"type-post","3":"status-publish","4":"format-standard","6":"category-naucalpan","7":"category-seguridad"},"_links":{"self":[{"href":"https:\/\/foro1025.mx\/index.php?rest_route=\/wp\/v2\/posts\/938","targetHints":{"allow":["GET"]}}],"collection":[{"href":"https:\/\/foro1025.mx\/index.php?rest_route=\/wp\/v2\/posts"}],"about":[{"href":"https:\/\/foro1025.mx\/index.php?rest_route=\/wp\/v2\/types\/post"}],"author":[{"embeddable":true,"href":"https:\/\/foro1025.mx\/index.php?rest_route=\/wp\/v2\/users\/1"}],"replies":[{"embeddable":true,"href":"https:\/\/foro1025.mx\/index.php?rest_route=%2Fwp%2Fv2%2Fcomments&post=938"}],"version-history":[{"count":1,"href":"https:\/\/foro1025.mx\/index.php?rest_route=\/wp\/v2\/posts\/938\/revisions"}],"predecessor-version":[{"id":940,"href":"https:\/\/foro1025.mx\/index.php?rest_route=\/wp\/v2\/posts\/938\/revisions\/940"}],"wp:attachment":[{"href":"https:\/\/foro1025.mx\/index.php?rest_route=%2Fwp%2Fv2%2Fmedia&parent=938"}],"wp:term":[{"taxonomy":"category","embeddable":true,"href":"https:\/\/foro1025.mx\/index.php?rest_route=%2Fwp%2Fv2%2Fcategories&post=938"},{"taxonomy":"post_tag","embeddable":true,"href":"https:\/\/foro1025.mx\/index.php?rest_route=%2Fwp%2Fv2%2Ftags&post=938"}],"curies":[{"name":"wp","href":"https:\/\/api.w.org\/{rel}","templated":true}]}}