{"id":946,"date":"2016-06-01T11:43:50","date_gmt":"2016-06-01T16:43:50","guid":{"rendered":"https:\/\/foro1025.mx\/?p=946"},"modified":"2016-06-01T11:43:50","modified_gmt":"2016-06-01T16:43:50","slug":"gobierno-municipal-y-autoridades-auxiliares-trabajan-de-la-mano-por-huixquilucan","status":"publish","type":"post","link":"https:\/\/foro1025.mx\/?p=946","title":{"rendered":"Gobierno municipal y autoridades auxiliares trabajan de la mano por Huixquilucan"},"content":{"rendered":"<p id=\"yui_3_16_0_ym19_1_1464793355274_14912\" class=\"yiv8113063379MsoNormal\" style=\"text-align: justify;\" align=\"center\"><b id=\"yui_3_16_0_ym19_1_1464793355274_14914\"><span id=\"yui_3_16_0_ym19_1_1464793355274_14913\"><\/span><\/b>El presidente municipal de Huixquilucan, Enrique Vargas del Villar, se reuni\u00f3 con Delegados e\u00a0\u00a0integrantes de los Consejos de Participaci\u00f3n Ciudadana (Copaci) a quienes inform\u00f3 de los programas, apoyos y trabajo coordinado en las diversas comunidades de la localidad.<\/p>\n<p id=\"yui_3_16_0_ym19_1_1464793355274_14910\" class=\"yiv8113063379MsoNormal\" style=\"text-align: justify;\"><span id=\"yui_3_16_0_ym19_1_1464793355274_14920\"><br \/>\n\u00abMi inter\u00e9s es que \u00e9ste tipo de reuniones se realicen peri\u00f3dicamente para checar el avance de los trabajos en las comunidades y as\u00ed tener un municipio, m\u00e1s limpio, ordenado y seguro\u00bb, detall\u00f3 el Edil.<\/span><\/p>\n<p id=\"yui_3_16_0_ym19_1_1464793355274_14906\" class=\"yiv8113063379MsoNormal\" style=\"text-align: justify;\"><span id=\"yui_3_16_0_ym19_1_1464793355274_14921\"><br \/>\nAcompa\u00f1ado por integrantes del Cabildo y Directores de la administraci\u00f3n, el Presidente Municipal recalc\u00f3 que los servidores p\u00fablicos est\u00e1n en contacto permanente con las autoridades auxiliares para atender de manera oportuna las solicitudes que se presentan en las colonias y pueblos de Huixquilucan.<\/span><\/p>\n<p id=\"yui_3_16_0_ym19_1_1464793355274_14923\" class=\"yiv8113063379MsoNormal\" style=\"text-align: justify;\"><span id=\"yui_3_16_0_ym19_1_1464793355274_14922\">Vargas del Villar, subray\u00f3 que en el tema de seguridad p\u00fablica, se trabaja fuertemente para disminuir la incidencia delictiva, operativos policiacos que a cinco meses de administraci\u00f3n, los resultados han sido positivos; adem\u00e1s destac\u00f3 la labor que se lleva a cabo en el sistema DIF para atender de la mejor manera a las personas que requieren de un servicio, al tiempo que los invit\u00f3 a que se registren al\u00a0\u00a0Seguro Popular, en caso de que no cuenten con seguridad social.<\/p>\n<p><\/span><\/p>\n<p id=\"yui_3_16_0_ym19_1_1464793355274_14925\" class=\"yiv8113063379MsoNormal\" style=\"text-align: justify;\"><span id=\"yui_3_16_0_ym19_1_1464793355274_14924\">Durante el encuentro, el Edil de Huixquilucan, escuch\u00f3 las peticiones de los representantes de los Copacis y Delegados, a quienes les coment\u00f3 qu\u00e9 si bien los ciudadanos perciben un cambio en el municipio, a\u00fan se debe concretar el trabajo coordinado entre autoridades auxiliares y Gobierno Municipal que permita elevar la calidad de vida de los habitantes.<\/span><\/p>\n<p id=\"yui_3_16_0_ym19_1_1464793355274_14926\" class=\"yiv8113063379MsoNormal\" style=\"text-align: justify;\"><span id=\"yui_3_16_0_ym19_1_1464793355274_14927\"><br \/>\nLos temas que se tocaron en \u00e9sta reuni\u00f3n fueron servicios p\u00fablicos, mejoramiento del entorno urbano, vialidades, ecolog\u00eda, servicio de agua y drenaje.<\/span><\/p>\n<p class=\"yiv8113063379MsoNormal\" style=\"text-align: justify;\"><img loading=\"lazy\" decoding=\"async\" class=\"aligncenter size-large wp-image-947\" src=\"https:\/\/foro1025.mx\/wp-content\/uploads\/2016\/06\/IMG_2379-1024x683.jpg\" alt=\"IMG_2379\" width=\"676\" height=\"451\" \/><\/p>\n<p class=\"yiv8113063379MsoNormal\" style=\"text-align: justify;\">\n","protected":false},"excerpt":{"rendered":"<div class=\"mh-excerpt\"><p>El presidente municipal de Huixquilucan, Enrique Vargas del Villar, se reuni\u00f3 con Delegados e\u00a0\u00a0integrantes de <a class=\"mh-excerpt-more\" href=\"https:\/\/foro1025.mx\/?p=946\" title=\"Gobierno municipal y autoridades auxiliares trabajan de la mano por Huixquilucan\">&#8230;<\/a><\/p>\n<\/div>","protected":false},"author":1,"featured_media":0,"comment_status":"open","ping_status":"open","sticky":false,"template":"","format":"standard","meta":{"footnotes":""},"categories":[17],"tags":[],"class_list":{"0":"post-946","1":"post","2":"type-post","3":"status-publish","4":"format-standard","6":"category-huixquilucan"},"_links":{"self":[{"href":"https:\/\/foro1025.mx\/index.php?rest_route=\/wp\/v2\/posts\/946","targetHints":{"allow":["GET"]}}],"collection":[{"href":"https:\/\/foro1025.mx\/index.php?rest_route=\/wp\/v2\/posts"}],"about":[{"href":"https:\/\/foro1025.mx\/index.php?rest_route=\/wp\/v2\/types\/post"}],"author":[{"embeddable":true,"href":"https:\/\/foro1025.mx\/index.php?rest_route=\/wp\/v2\/users\/1"}],"replies":[{"embeddable":true,"href":"https:\/\/foro1025.mx\/index.php?rest_route=%2Fwp%2Fv2%2Fcomments&post=946"}],"version-history":[{"count":1,"href":"https:\/\/foro1025.mx\/index.php?rest_route=\/wp\/v2\/posts\/946\/revisions"}],"predecessor-version":[{"id":949,"href":"https:\/\/foro1025.mx\/index.php?rest_route=\/wp\/v2\/posts\/946\/revisions\/949"}],"wp:attachment":[{"href":"https:\/\/foro1025.mx\/index.php?rest_route=%2Fwp%2Fv2%2Fmedia&parent=946"}],"wp:term":[{"taxonomy":"category","embeddable":true,"href":"https:\/\/foro1025.mx\/index.php?rest_route=%2Fwp%2Fv2%2Fcategories&post=946"},{"taxonomy":"post_tag","embeddable":true,"href":"https:\/\/foro1025.mx\/index.php?rest_route=%2Fwp%2Fv2%2Ftags&post=946"}],"curies":[{"name":"wp","href":"https:\/\/api.w.org\/{rel}","templated":true}]}}