{"id":9937,"date":"2020-05-19T17:58:01","date_gmt":"2020-05-19T22:58:01","guid":{"rendered":"https:\/\/foro1025.mx\/?p=9937"},"modified":"2020-05-19T17:58:01","modified_gmt":"2020-05-19T22:58:01","slug":"gobierno-de-coacalco-sigue-con-la-profesionalizacion-de-sus-servidores-publicos","status":"publish","type":"post","link":"https:\/\/foro1025.mx\/?p=9937","title":{"rendered":"Gobierno de Coacalco sigue con la profesionalizaci\u00f3n de sus servidores p\u00fablicos"},"content":{"rendered":"<ul>\n<li><i>De manera virtual se capacitaron sobre la \u00abInstitucionalizaci\u00f3n de la Transversalidad de la Perspectiva de G\u00e9nero\u00bb<\/i><\/li>\n<\/ul>\n<ul class=\"ul1\">\n<li class=\"li3\"><i>El objetivo es que las pol\u00edticas p\u00fablicas municipales promuevan la igualdad de trato entre hombres y mujeres<\/i><\/li>\n<\/ul>\n<p class=\"p5\">El Gobierno de Coacalco, liderado por el Alcalde Darwin Eslava, contin\u00faa con la capacitaci\u00f3n y profesionalizaci\u00f3n de los servidores p\u00fablicos en materia de perspectiva de g\u00e9nero, avanzando as\u00ed en la consolidaci\u00f3n de un gobierno de igualdad de oportunidades.<\/p>\n<p class=\"p5\">Como parte de este esfuerzo, servidores p\u00fablicos de distintas \u00e1reas de la Administraci\u00f3n Municipal 2019-2021 participaron en el curso \u00abInstitucionalizaci\u00f3n de la Transversalidad de la Perspectiva de G\u00e9nero\u00bb, impartido por Rosalinda Ram\u00edrez, asesora de la Unidad de G\u00e9nero del Senado de la Rep\u00fablica.<\/p>\n<p class=\"p5\">La ponente destac\u00f3 la voluntad que el gobierno local tiene respecto a este tema que es parte prioritaria en la agenda de trabajo de las distintas dependencias municipales.<\/p>\n<p class=\"p5\">La titular de la Unidad de Igualdad de G\u00e9nero de Coacalco, Georgina Chima, enfatiz\u00f3 la importancia de que los servidores p\u00fablicos contin\u00faen capacit\u00e1ndose en temas prioritarios como lo es la transversalidad de la perspectiva de g\u00e9nero.<\/p>\n<p class=\"p5\">Resalt\u00f3 que estos cursos contribuyen para concientizar a los participantes sobre la trascendencia de que cada una de las pol\u00edticas p\u00fablicas implementadas tengan una visi\u00f3n de equidad.<\/p>\n<p class=\"p5\">Refiri\u00f3 que a pesar de la contingencia sanitaria que se vive, la dependencia a su cargo buscar\u00e1 acercar a m\u00e1s ponentes que promuevan la igualdad de oportunidades y de trato entre mujeres y hombres.<\/p>\n","protected":false},"excerpt":{"rendered":"<div class=\"mh-excerpt\"><p>De manera virtual se capacitaron sobre la \u00abInstitucionalizaci\u00f3n de la Transversalidad de la Perspectiva de <a class=\"mh-excerpt-more\" href=\"https:\/\/foro1025.mx\/?p=9937\" title=\"Gobierno de Coacalco sigue con la profesionalizaci\u00f3n de sus servidores p\u00fablicos\">&#8230;<\/a><\/p>\n<\/div>","protected":false},"author":1,"featured_media":0,"comment_status":"closed","ping_status":"closed","sticky":false,"template":"","format":"standard","meta":{"footnotes":""},"categories":[7],"tags":[],"class_list":{"0":"post-9937","1":"post","2":"type-post","3":"status-publish","4":"format-standard","6":"category-coacalco"},"_links":{"self":[{"href":"https:\/\/foro1025.mx\/index.php?rest_route=\/wp\/v2\/posts\/9937","targetHints":{"allow":["GET"]}}],"collection":[{"href":"https:\/\/foro1025.mx\/index.php?rest_route=\/wp\/v2\/posts"}],"about":[{"href":"https:\/\/foro1025.mx\/index.php?rest_route=\/wp\/v2\/types\/post"}],"author":[{"embeddable":true,"href":"https:\/\/foro1025.mx\/index.php?rest_route=\/wp\/v2\/users\/1"}],"replies":[{"embeddable":true,"href":"https:\/\/foro1025.mx\/index.php?rest_route=%2Fwp%2Fv2%2Fcomments&post=9937"}],"version-history":[{"count":1,"href":"https:\/\/foro1025.mx\/index.php?rest_route=\/wp\/v2\/posts\/9937\/revisions"}],"predecessor-version":[{"id":9939,"href":"https:\/\/foro1025.mx\/index.php?rest_route=\/wp\/v2\/posts\/9937\/revisions\/9939"}],"wp:attachment":[{"href":"https:\/\/foro1025.mx\/index.php?rest_route=%2Fwp%2Fv2%2Fmedia&parent=9937"}],"wp:term":[{"taxonomy":"category","embeddable":true,"href":"https:\/\/foro1025.mx\/index.php?rest_route=%2Fwp%2Fv2%2Fcategories&post=9937"},{"taxonomy":"post_tag","embeddable":true,"href":"https:\/\/foro1025.mx\/index.php?rest_route=%2Fwp%2Fv2%2Ftags&post=9937"}],"curies":[{"name":"wp","href":"https:\/\/api.w.org\/{rel}","templated":true}]}}